{"id":6617,"date":"2025-02-18T15:02:40","date_gmt":"2025-02-18T14:02:40","guid":{"rendered":"http:\/\/lycee-nisard.fr\/?p=6617"},"modified":"2025-03-19T16:48:13","modified_gmt":"2025-03-19T15:48:13","slug":"cest-la-semaine-theatrale-au-lycee","status":"publish","type":"post","link":"https:\/\/lycee-nisard.fr\/?p=6617","title":{"rendered":"C&rsquo;est la semaine th\u00e9\u00e2trale au lyc\u00e9e !"},"content":{"rendered":"\n<p>Cette ann\u00e9e 14 \u00e9l\u00e8ves de la seconde \u00e0 la terminale participent \u00e0 l&rsquo;atelier th\u00e9\u00e2tre du lyc\u00e9e, ils travaillent depuis octobre tous les mercredis apr\u00e8s-midi pour donner\u00a0 le meilleur d&rsquo;eux-m\u00eames. Voici venu le temps des repr\u00e9sentations. Venez nombreux les encourager !<\/p>\n\n\n\n<div data-wp-interactive=\"core\/file\" class=\"wp-block-file\"><object data-wp-bind--hidden=\"!state.hasPdfPreview\" hidden class=\"wp-block-file__embed\" data=\"http:\/\/lycee-nisard.fr\/wp-content\/uploads\/2025\/02\/Affiche-theatre-2025-format-PDF.pdf\" type=\"application\/pdf\" style=\"width:100%;height:600px\" aria-label=\"Contenu embarqu\u00e9 Affiche th\u00e9\u00e2tre 2025 format PDF.\"><\/object><a id=\"wp-block-file--media-64bdcf09-abfc-4702-bfb7-1a0702898171\" href=\"http:\/\/lycee-nisard.fr\/wp-content\/uploads\/2025\/02\/Affiche-theatre-2025-format-PDF.pdf\">Affiche th\u00e9\u00e2tre 2025 format PDF<\/a><a href=\"http:\/\/lycee-nisard.fr\/wp-content\/uploads\/2025\/02\/Affiche-theatre-2025-format-PDF.pdf\" class=\"wp-block-file__button wp-element-button\" download aria-describedby=\"wp-block-file--media-64bdcf09-abfc-4702-bfb7-1a0702898171\">T\u00e9l\u00e9charger<\/a><\/div>\n\n\n\n<p><\/p>\n","protected":false},"excerpt":{"rendered":"<p>Cette ann\u00e9e 14 \u00e9l\u00e8ves de la seconde \u00e0 la terminale participent \u00e0 l&rsquo;atelier th\u00e9\u00e2tre du lyc\u00e9e, ils travaillent depuis octobre tous les mercredis apr\u00e8s-midi pour donner\u00a0 le meilleur d&rsquo;eux-m\u00eames. Voici venu le temps des repr\u00e9sentations. Venez nombreux les encourager !<\/p>\n","protected":false},"author":1,"featured_media":6628,"comment_status":"open","ping_status":"open","sticky":false,"template":"","format":"standard","meta":{"saved_in_kubio":false,"footnotes":""},"categories":[6],"tags":[],"class_list":["post-6617","post","type-post","status-publish","format-standard","has-post-thumbnail","hentry","category-actualites"],"_links":{"self":[{"href":"https:\/\/lycee-nisard.fr\/index.php?rest_route=\/wp\/v2\/posts\/6617","targetHints":{"allow":["GET"]}}],"collection":[{"href":"https:\/\/lycee-nisard.fr\/index.php?rest_route=\/wp\/v2\/posts"}],"about":[{"href":"https:\/\/lycee-nisard.fr\/index.php?rest_route=\/wp\/v2\/types\/post"}],"author":[{"embeddable":true,"href":"https:\/\/lycee-nisard.fr\/index.php?rest_route=\/wp\/v2\/users\/1"}],"replies":[{"embeddable":true,"href":"https:\/\/lycee-nisard.fr\/index.php?rest_route=%2Fwp%2Fv2%2Fcomments&post=6617"}],"version-history":[{"count":2,"href":"https:\/\/lycee-nisard.fr\/index.php?rest_route=\/wp\/v2\/posts\/6617\/revisions"}],"predecessor-version":[{"id":6621,"href":"https:\/\/lycee-nisard.fr\/index.php?rest_route=\/wp\/v2\/posts\/6617\/revisions\/6621"}],"wp:featuredmedia":[{"embeddable":true,"href":"https:\/\/lycee-nisard.fr\/index.php?rest_route=\/wp\/v2\/media\/6628"}],"wp:attachment":[{"href":"https:\/\/lycee-nisard.fr\/index.php?rest_route=%2Fwp%2Fv2%2Fmedia&parent=6617"}],"wp:term":[{"taxonomy":"category","embeddable":true,"href":"https:\/\/lycee-nisard.fr\/index.php?rest_route=%2Fwp%2Fv2%2Fcategories&post=6617"},{"taxonomy":"post_tag","embeddable":true,"href":"https:\/\/lycee-nisard.fr\/index.php?rest_route=%2Fwp%2Fv2%2Ftags&post=6617"}],"curies":[{"name":"wp","href":"https:\/\/api.w.org\/{rel}","templated":true}]}}