{"id":6311,"date":"2024-06-20T16:33:00","date_gmt":"2024-06-20T15:33:00","guid":{"rendered":"http:\/\/lycee-nisard.fr\/?p=6311"},"modified":"2025-06-27T12:34:20","modified_gmt":"2025-06-27T11:34:20","slug":"voyage-de-fin-detude-au-luxembourg-pour-les-eleves-de-terminale-hggsp","status":"publish","type":"post","link":"https:\/\/lycee-nisard.fr\/?p=6311","title":{"rendered":"Voyage de fin d&rsquo;\u00e9tude au Luxembourg pour les \u00e9l\u00e8ves de terminale HGGSP"},"content":{"rendered":"\n<h6 class=\"wp-block-heading\"><strong>Un th\u00e8me du programme de HGGSP en premi\u00e8re devenu projet autour de l&rsquo;Education aux m\u00e9dias et \u00e0 l&rsquo;information sur deux ans&#8230;&#8230;<\/strong><\/h6>\n\n\n\n<h6 class=\"wp-block-heading\"><em>L&rsquo;essentiel en vid\u00e9o<\/em><\/h6>\n\n\n\n<figure class=\"wp-block-video\"><video height=\"720\" style=\"aspect-ratio: 1280 \/ 720;\" width=\"1280\" controls src=\"http:\/\/lycee-nisard.fr\/wp-content\/uploads\/2024\/06\/LUX-definitive_univ2024.mp4\"><\/video><\/figure>\n\n\n\n<p class=\"has-text-align-left\"><strong>Les 22 et 23 mai, les \u00e9l\u00e8ves de Terminale HGGSP et deux \u00e9l\u00e8ves de premi\u00e8re se sont rendus au Luxembourg pour finaliser un projet commenc\u00e9 l&rsquo;ann\u00e9e derni\u00e8re sur le th\u00e8me des m\u00e9dias : Comment s&rsquo;informer et porter un regard critique des sources et modes de communication&nbsp;?<\/strong><\/p>\n\n\n\n<p>Si l&rsquo;ann\u00e9e derni\u00e8re ils avaient \u00e9t\u00e9 producteurs d&rsquo;information, cherchant des sujets de reportages, choisissant les bonnes personnes \u00e0 interviewer, enregistrant des sons et faisant des choix \u00e9ditoriaux gr\u00e2ce au dispositif interclass&rsquo;, ils ont \u00e9t\u00e9 cette fois-ci davantage observateurs.  Des observateurs attentifs \u00e0 la d\u00e9couverte d&rsquo;une formation d\u00e9di\u00e9e \u00e0 la production m\u00e9diatique et d&rsquo;un grand groupe embl\u00e9matique dans le paysage m\u00e9diatique europ\u00e9en.<\/p>\n\n\n<div class=\"wp-block-image\">\n<figure class=\"aligncenter size-large\"><a href=\"http:\/\/lycee-nisard.fr\/wp-content\/uploads\/2024\/06\/BTS-Groupe-scaled.jpg\"><img loading=\"lazy\" decoding=\"async\" width=\"1024\" height=\"576\" src=\"http:\/\/lycee-nisard.fr\/wp-content\/uploads\/2024\/06\/BTS-Groupe-1024x576.jpg\" alt=\"\" class=\"wp-image-6305\" srcset=\"https:\/\/lycee-nisard.fr\/wp-content\/uploads\/2024\/06\/BTS-Groupe-1024x576.jpg 1024w, https:\/\/lycee-nisard.fr\/wp-content\/uploads\/2024\/06\/BTS-Groupe-300x169.jpg 300w, https:\/\/lycee-nisard.fr\/wp-content\/uploads\/2024\/06\/BTS-Groupe-768x432.jpg 768w, https:\/\/lycee-nisard.fr\/wp-content\/uploads\/2024\/06\/BTS-Groupe-1536x864.jpg 1536w, https:\/\/lycee-nisard.fr\/wp-content\/uploads\/2024\/06\/BTS-Groupe-2048x1152.jpg 2048w\" sizes=\"(max-width: 1024px) 100vw, 1024px\" \/><\/a><figcaption class=\"wp-element-caption\">Le groupe devant l&rsquo;entr\u00e9e du Lyc\u00e9e Classique de Diekirch<\/figcaption><\/figure>\n<\/div>\n\n\n<p>C&rsquo;est par la visite du <a href=\"https:\/\/mediawriting.lcd.lu\/\" target=\"_blank\" rel=\"noreferrer noopener\">BTS M\u00e9dia Writing<\/a> de Diekirch qu&rsquo;ils ont d\u00e9but\u00e9 leur programme. Le chef d&rsquo;\u00e9tablissement M. Kramer les a accueillis et leur a pr\u00e9sent\u00e9 le lyc\u00e9e qui offre un cursus g\u00e9n\u00e9ral avec de nombreuses options qui n&rsquo;existent pas en France telle que l&rsquo;option photographie ou robotique par exemple. Ensuite, apr\u00e8s une introduction sur les sp\u00e9cificit\u00e9s du Luxembourg et de ses trois langues administratives (luxembourgeois, fran\u00e7ais, allemand), le responsable du BTS, M. Moyen leur a propos\u00e9 une visite compl\u00e8te des locaux offrant des plateaux techniques impressionnants et du mat\u00e9riel \u00e0 la pointe de la technologie&#8230; De quoi donner envie de saisir une cam\u00e9ra, un micro,&nbsp; d&rsquo;effectuer un reportage voir de se lancer dans des \u00e9tudes de journalisme !<\/p>\n\n\n<div class=\"wp-block-image\">\n<figure class=\"aligncenter size-large\"><a href=\"http:\/\/lycee-nisard.fr\/wp-content\/uploads\/2024\/06\/BTS-Emission-scaled.jpg\"><img loading=\"lazy\" decoding=\"async\" width=\"1024\" height=\"576\" src=\"http:\/\/lycee-nisard.fr\/wp-content\/uploads\/2024\/06\/BTS-Emission-1024x576.jpg\" alt=\"\" class=\"wp-image-6304\" srcset=\"https:\/\/lycee-nisard.fr\/wp-content\/uploads\/2024\/06\/BTS-Emission-1024x576.jpg 1024w, https:\/\/lycee-nisard.fr\/wp-content\/uploads\/2024\/06\/BTS-Emission-300x169.jpg 300w, https:\/\/lycee-nisard.fr\/wp-content\/uploads\/2024\/06\/BTS-Emission-768x432.jpg 768w, https:\/\/lycee-nisard.fr\/wp-content\/uploads\/2024\/06\/BTS-Emission-1536x864.jpg 1536w, https:\/\/lycee-nisard.fr\/wp-content\/uploads\/2024\/06\/BTS-Emission-2048x1152.jpg 2048w\" sizes=\"(max-width: 1024px) 100vw, 1024px\" \/><\/a><figcaption class=\"wp-element-caption\">Studio pour des enregistrements vari\u00e9s<\/figcaption><\/figure>\n<\/div>\n\n<div class=\"wp-block-image\">\n<figure class=\"aligncenter size-large\"><a href=\"http:\/\/lycee-nisard.fr\/wp-content\/uploads\/2024\/06\/BTS-LaboPhoto-scaled.jpg\"><img loading=\"lazy\" decoding=\"async\" width=\"1024\" height=\"576\" src=\"http:\/\/lycee-nisard.fr\/wp-content\/uploads\/2024\/06\/BTS-LaboPhoto-1024x576.jpg\" alt=\"\" class=\"wp-image-6306\" srcset=\"https:\/\/lycee-nisard.fr\/wp-content\/uploads\/2024\/06\/BTS-LaboPhoto-1024x576.jpg 1024w, https:\/\/lycee-nisard.fr\/wp-content\/uploads\/2024\/06\/BTS-LaboPhoto-300x169.jpg 300w, https:\/\/lycee-nisard.fr\/wp-content\/uploads\/2024\/06\/BTS-LaboPhoto-768x432.jpg 768w, https:\/\/lycee-nisard.fr\/wp-content\/uploads\/2024\/06\/BTS-LaboPhoto-1536x864.jpg 1536w, https:\/\/lycee-nisard.fr\/wp-content\/uploads\/2024\/06\/BTS-LaboPhoto-2048x1152.jpg 2048w\" sizes=\"(max-width: 1024px) 100vw, 1024px\" \/><\/a><figcaption class=\"wp-element-caption\">Labo photo au LCD<\/figcaption><\/figure>\n<\/div>\n\n\n<p>La journ\u00e9e s&rsquo;est termin\u00e9e par une d\u00e9ambulation libre dans les rues de Luxembourg ville avant de rejoindre l&rsquo;auberge de jeunesse.<\/p>\n\n\n<div class=\"wp-block-image\">\n<figure class=\"aligncenter size-large\"><a href=\"http:\/\/lycee-nisard.fr\/wp-content\/uploads\/2024\/06\/LuxembourgPont-scaled.jpg\"><img loading=\"lazy\" decoding=\"async\" width=\"1024\" height=\"576\" src=\"http:\/\/lycee-nisard.fr\/wp-content\/uploads\/2024\/06\/LuxembourgPont-1024x576.jpg\" alt=\"\" class=\"wp-image-6315\" srcset=\"https:\/\/lycee-nisard.fr\/wp-content\/uploads\/2024\/06\/LuxembourgPont-1024x576.jpg 1024w, https:\/\/lycee-nisard.fr\/wp-content\/uploads\/2024\/06\/LuxembourgPont-300x169.jpg 300w, https:\/\/lycee-nisard.fr\/wp-content\/uploads\/2024\/06\/LuxembourgPont-768x432.jpg 768w, https:\/\/lycee-nisard.fr\/wp-content\/uploads\/2024\/06\/LuxembourgPont-1536x864.jpg 1536w, https:\/\/lycee-nisard.fr\/wp-content\/uploads\/2024\/06\/LuxembourgPont-2048x1152.jpg 2048w\" sizes=\"(max-width: 1024px) 100vw, 1024px\" \/><\/a><figcaption class=\"wp-element-caption\">Vue sur le plateau de Kirchberg<\/figcaption><\/figure>\n<\/div>\n\n\n<p>Le lendemain, direction RTL city sur le plateau de Kirchberg, si\u00e8ge principal du groupe audiovisuel international&#8230; <br>L\u00e0 aussi, les \u00e9l\u00e8ves ont re\u00e7u un tr\u00e8s bon accueil. Madame Kneip a guid\u00e9 le groupe dans le b\u00e2timent qui centralise les m\u00e9dias du groupe RTL : En son coeur se trouve un bloc rectangulaire compos\u00e9 de 18 studios de radio et de son insonoris\u00e9s. Les \u00e9l\u00e8ves ont ainsi d\u00e9couverts la totalit\u00e9 des infrastructures, notamment les trois studios de t\u00e9l\u00e9vision : Le studio principal du journal t\u00e9l\u00e9vis\u00e9, le studio virtuel (\u00ab Fonds vert\u00bb), et le plateau d&rsquo;enregistrement des \u00e9missions. <\/p>\n\n\n<div class=\"wp-block-image\">\n<figure class=\"aligncenter size-large\"><a href=\"http:\/\/lycee-nisard.fr\/wp-content\/uploads\/2024\/06\/RTL-JT-scaled.jpg\"><img loading=\"lazy\" decoding=\"async\" width=\"1024\" height=\"576\" src=\"http:\/\/lycee-nisard.fr\/wp-content\/uploads\/2024\/06\/RTL-JT-1024x576.jpg\" alt=\"\" class=\"wp-image-6300\" srcset=\"https:\/\/lycee-nisard.fr\/wp-content\/uploads\/2024\/06\/RTL-JT-1024x576.jpg 1024w, https:\/\/lycee-nisard.fr\/wp-content\/uploads\/2024\/06\/RTL-JT-300x169.jpg 300w, https:\/\/lycee-nisard.fr\/wp-content\/uploads\/2024\/06\/RTL-JT-768x432.jpg 768w, https:\/\/lycee-nisard.fr\/wp-content\/uploads\/2024\/06\/RTL-JT-1536x864.jpg 1536w, https:\/\/lycee-nisard.fr\/wp-content\/uploads\/2024\/06\/RTL-JT-2048x1152.jpg 2048w\" sizes=\"(max-width: 1024px) 100vw, 1024px\" \/><\/a><figcaption class=\"wp-element-caption\">Plateau du Journal t\u00e9l\u00e9vis\u00e9<\/figcaption><\/figure>\n<\/div>\n\n<div class=\"wp-block-image\">\n<figure class=\"aligncenter size-large\"><a href=\"http:\/\/lycee-nisard.fr\/wp-content\/uploads\/2024\/06\/RTL-FondVert-scaled.jpg\"><img loading=\"lazy\" decoding=\"async\" width=\"1024\" height=\"576\" src=\"http:\/\/lycee-nisard.fr\/wp-content\/uploads\/2024\/06\/RTL-FondVert-1024x576.jpg\" alt=\"\" class=\"wp-image-6299\" srcset=\"https:\/\/lycee-nisard.fr\/wp-content\/uploads\/2024\/06\/RTL-FondVert-1024x576.jpg 1024w, https:\/\/lycee-nisard.fr\/wp-content\/uploads\/2024\/06\/RTL-FondVert-300x169.jpg 300w, https:\/\/lycee-nisard.fr\/wp-content\/uploads\/2024\/06\/RTL-FondVert-768x432.jpg 768w, https:\/\/lycee-nisard.fr\/wp-content\/uploads\/2024\/06\/RTL-FondVert-1536x864.jpg 1536w, https:\/\/lycee-nisard.fr\/wp-content\/uploads\/2024\/06\/RTL-FondVert-2048x1152.jpg 2048w\" sizes=\"(max-width: 1024px) 100vw, 1024px\" \/><\/a><figcaption class=\"wp-element-caption\">Studio avec fonds vert : enregistrement de la m\u00e9t\u00e9o et des \u00e9missions de formule 1<\/figcaption><\/figure>\n<\/div>\n\n<div class=\"wp-block-image\">\n<figure class=\"aligncenter size-large\"><a href=\"http:\/\/lycee-nisard.fr\/wp-content\/uploads\/2024\/06\/RTL-PlateauTele-scaled.jpg\"><img loading=\"lazy\" decoding=\"async\" width=\"1024\" height=\"576\" src=\"http:\/\/lycee-nisard.fr\/wp-content\/uploads\/2024\/06\/RTL-PlateauTele-1024x576.jpg\" alt=\"\" class=\"wp-image-6302\" srcset=\"https:\/\/lycee-nisard.fr\/wp-content\/uploads\/2024\/06\/RTL-PlateauTele-1024x576.jpg 1024w, https:\/\/lycee-nisard.fr\/wp-content\/uploads\/2024\/06\/RTL-PlateauTele-300x169.jpg 300w, https:\/\/lycee-nisard.fr\/wp-content\/uploads\/2024\/06\/RTL-PlateauTele-768x432.jpg 768w, https:\/\/lycee-nisard.fr\/wp-content\/uploads\/2024\/06\/RTL-PlateauTele-1536x864.jpg 1536w, https:\/\/lycee-nisard.fr\/wp-content\/uploads\/2024\/06\/RTL-PlateauTele-2048x1152.jpg 2048w\" sizes=\"(max-width: 1024px) 100vw, 1024px\" \/><\/a><figcaption class=\"wp-element-caption\">Plateau d&rsquo;enregistrement des \u00e9missions t\u00e9l\u00e9vis\u00e9es<\/figcaption><\/figure>\n<\/div>\n\n\n<p>Cerise sur le g\u00e2teau, ils ont \u00e9galement assist\u00e9 en direct \u00e0 une \u00e9mission de radio pr\u00e9sent\u00e9e par Marie Gales au cours duquel, une journaliste est intervenue pour annoncer le flash infos, en Luxembourgeois, certes mais l&rsquo;exp\u00e9rience \u00e9tait tout de m\u00eame extr\u00eamement riche ! Les \u00e9l\u00e8ves ont \u00e9t\u00e9 impressionn\u00e9s par la fluidit\u00e9 du passage d\u2019une langue \u00e0 l\u2019autre pour les journalistes.<\/p>\n\n\n<div class=\"wp-block-image\">\n<figure class=\"aligncenter size-large\"><a href=\"http:\/\/lycee-nisard.fr\/wp-content\/uploads\/2024\/06\/RTL-WebRadio-scaled.jpg\"><img loading=\"lazy\" decoding=\"async\" width=\"1024\" height=\"576\" src=\"http:\/\/lycee-nisard.fr\/wp-content\/uploads\/2024\/06\/RTL-WebRadio-1024x576.jpg\" alt=\"\" class=\"wp-image-6303\" srcset=\"https:\/\/lycee-nisard.fr\/wp-content\/uploads\/2024\/06\/RTL-WebRadio-1024x576.jpg 1024w, https:\/\/lycee-nisard.fr\/wp-content\/uploads\/2024\/06\/RTL-WebRadio-300x169.jpg 300w, https:\/\/lycee-nisard.fr\/wp-content\/uploads\/2024\/06\/RTL-WebRadio-768x432.jpg 768w, https:\/\/lycee-nisard.fr\/wp-content\/uploads\/2024\/06\/RTL-WebRadio-1536x864.jpg 1536w, https:\/\/lycee-nisard.fr\/wp-content\/uploads\/2024\/06\/RTL-WebRadio-2048x1152.jpg 2048w\" sizes=\"(max-width: 1024px) 100vw, 1024px\" \/><\/a><figcaption class=\"wp-element-caption\">Marie Gates en direct \u00e0 la radio<\/figcaption><\/figure>\n<\/div>\n\n\n<p>Thomas Toussaint, journaliste \u00e0 RTL info, a aussi consacr\u00e9 quelques minutes de son temps pour venir \u00e0 la rencontre des \u00e9l\u00e8ves, expliquant ainsi son m\u00e9tier, ses contraintes et son exigence de v\u00e9rification des faits.<\/p>\n\n\n\n<p>Sur le chemin du retour, une \u00e9tape \u00e0 Metz pour se confronter sur le terrain aux th\u00e9matiques de HGGSP en Terminale : Le patrimoine, l&rsquo;histoire, la guerre, l&rsquo;environnement \u00e0 travers des lieux choisis pour la visite : Le centre Pompidou-Metz, la gare, les jardins Jean-Marie Pelt&#8230;<\/p>\n\n\n<div class=\"wp-block-image\">\n<figure class=\"aligncenter size-large\"><a href=\"http:\/\/lycee-nisard.fr\/wp-content\/uploads\/2024\/06\/Groupe-Metz-scaled.jpg\"><img loading=\"lazy\" decoding=\"async\" width=\"1024\" height=\"576\" src=\"http:\/\/lycee-nisard.fr\/wp-content\/uploads\/2024\/06\/Groupe-Metz-1024x576.jpg\" alt=\"\" class=\"wp-image-6308\" srcset=\"https:\/\/lycee-nisard.fr\/wp-content\/uploads\/2024\/06\/Groupe-Metz-1024x576.jpg 1024w, https:\/\/lycee-nisard.fr\/wp-content\/uploads\/2024\/06\/Groupe-Metz-300x169.jpg 300w, https:\/\/lycee-nisard.fr\/wp-content\/uploads\/2024\/06\/Groupe-Metz-768x432.jpg 768w, https:\/\/lycee-nisard.fr\/wp-content\/uploads\/2024\/06\/Groupe-Metz-1536x864.jpg 1536w, https:\/\/lycee-nisard.fr\/wp-content\/uploads\/2024\/06\/Groupe-Metz-2048x1152.jpg 2048w\" sizes=\"(max-width: 1024px) 100vw, 1024px\" \/><\/a><figcaption class=\"wp-element-caption\">Le groupe avec en arri\u00e8re plan le centre Pompidou-Metz<\/figcaption><\/figure>\n<\/div>\n\n\n<p>Merci \u00e0 MM. Kramer et Moyen du Lyc\u00e9e Classique de Diekirch, ainsi qu&rsquo;\u00e0 Mme Kneip, journaliste \u00e0 RTL, d&rsquo;avoir \u00e9t\u00e9 disponibles et \u00e0 l&rsquo;\u00e9coute de nos questions&#8230; avec le souhait, pourquoi pas, d&rsquo;engager un partenariat sur un plus long terme avec le LDN !<\/p>\n\n\n\n<p class=\"has-text-align-right\">Isabelle Bouvet-Mar\u00e9chal, professeure documentaliste<br>Mathieu Chartier, professeur sp\u00e9cialit\u00e9 HGGSP<\/p>\n","protected":false},"excerpt":{"rendered":"<p>Un th\u00e8me du programme de HGGSP en premi\u00e8re devenu projet autour de l&rsquo;Education aux m\u00e9dias et \u00e0 l&rsquo;information sur deux ans&#8230;&#8230; L&rsquo;essentiel en vid\u00e9o Les 22 et 23 mai, les \u00e9l\u00e8ves de Terminale HGGSP et deux \u00e9l\u00e8ves de premi\u00e8re se sont rendus au Luxembourg pour finaliser un projet commenc\u00e9 l&rsquo;ann\u00e9e derni\u00e8re sur le th\u00e8me des &hellip; <a href=\"https:\/\/lycee-nisard.fr\/?p=6311\" class=\"more-link\">Continuer la lecture de <span class=\"screen-reader-text\">Voyage de fin d&rsquo;\u00e9tude au Luxembourg pour les \u00e9l\u00e8ves de terminale HGGSP<\/span>  <span class=\"meta-nav\">&rarr;<\/span><\/a><\/p>\n","protected":false},"author":1,"featured_media":6322,"comment_status":"open","ping_status":"open","sticky":false,"template":"","format":"standard","meta":{"saved_in_kubio":false,"footnotes":""},"categories":[35],"tags":[],"class_list":["post-6311","post","type-post","status-publish","format-standard","has-post-thumbnail","hentry","category-annee-2023-2024"],"_links":{"self":[{"href":"https:\/\/lycee-nisard.fr\/index.php?rest_route=\/wp\/v2\/posts\/6311","targetHints":{"allow":["GET"]}}],"collection":[{"href":"https:\/\/lycee-nisard.fr\/index.php?rest_route=\/wp\/v2\/posts"}],"about":[{"href":"https:\/\/lycee-nisard.fr\/index.php?rest_route=\/wp\/v2\/types\/post"}],"author":[{"embeddable":true,"href":"https:\/\/lycee-nisard.fr\/index.php?rest_route=\/wp\/v2\/users\/1"}],"replies":[{"embeddable":true,"href":"https:\/\/lycee-nisard.fr\/index.php?rest_route=%2Fwp%2Fv2%2Fcomments&post=6311"}],"version-history":[{"count":11,"href":"https:\/\/lycee-nisard.fr\/index.php?rest_route=\/wp\/v2\/posts\/6311\/revisions"}],"predecessor-version":[{"id":6376,"href":"https:\/\/lycee-nisard.fr\/index.php?rest_route=\/wp\/v2\/posts\/6311\/revisions\/6376"}],"wp:featuredmedia":[{"embeddable":true,"href":"https:\/\/lycee-nisard.fr\/index.php?rest_route=\/wp\/v2\/media\/6322"}],"wp:attachment":[{"href":"https:\/\/lycee-nisard.fr\/index.php?rest_route=%2Fwp%2Fv2%2Fmedia&parent=6311"}],"wp:term":[{"taxonomy":"category","embeddable":true,"href":"https:\/\/lycee-nisard.fr\/index.php?rest_route=%2Fwp%2Fv2%2Fcategories&post=6311"},{"taxonomy":"post_tag","embeddable":true,"href":"https:\/\/lycee-nisard.fr\/index.php?rest_route=%2Fwp%2Fv2%2Ftags&post=6311"}],"curies":[{"name":"wp","href":"https:\/\/api.w.org\/{rel}","templated":true}]}}