{"id":3566,"date":"2020-06-04T08:15:48","date_gmt":"2020-06-04T07:15:48","guid":{"rendered":"http:\/\/lycee-nisard.fr\/?p=3566"},"modified":"2025-06-27T12:26:21","modified_gmt":"2025-06-27T11:26:21","slug":"transports-scolaires-annee-2020-2021","status":"publish","type":"post","link":"https:\/\/lycee-nisard.fr\/?p=3566","title":{"rendered":"Transports scolaires, ann\u00e9e 2020-2021"},"content":{"rendered":"\n<p>Pour une premi\u00e8re demande de transport scolaire ou pour un renouvellement, il est obligatoire de faire une nouvelle demande en se connectant&nbsp;\u00e0 partir du 2 juin&nbsp;sur :<\/p>\n\n\n\n<p><a href=\"https:\/\/www.bourgognefranchecomte.fr\/accueil-transport\">https:\/\/www.bourgognefranchecomte.fr\/accueil-transport<\/a><br><br>La proc\u00e9dure est expliqu\u00e9e dans le document en pi\u00e8ce jointe.<\/p>\n\n\n\n<div class=\"wp-block-file\"><a href=\"http:\/\/lycee-nisard.fr\/wp-content\/uploads\/2020\/06\/Pdf-TansportsScolaires.pdf\">Pdf-TansportsScolaires<\/a><a href=\"http:\/\/lycee-nisard.fr\/wp-content\/uploads\/2020\/06\/Pdf-TansportsScolaires.pdf\" class=\"wp-block-file__button\" download>T\u00e9l\u00e9charger<\/a><\/div>\n","protected":false},"excerpt":{"rendered":"<p>Pour une premi\u00e8re demande de transport scolaire ou pour un renouvellement, il est obligatoire de faire une nouvelle demande en se connectant&nbsp;\u00e0 partir du 2 juin&nbsp;sur : https:\/\/www.bourgognefranchecomte.fr\/accueil-transport La proc\u00e9dure est expliqu\u00e9e dans le document en pi\u00e8ce jointe.<\/p>\n","protected":false},"author":1,"featured_media":3568,"comment_status":"open","ping_status":"open","sticky":false,"template":"","format":"standard","meta":{"saved_in_kubio":false,"footnotes":""},"categories":[34],"tags":[],"class_list":["post-3566","post","type-post","status-publish","format-standard","has-post-thumbnail","hentry","category-annees-2020-2023"],"_links":{"self":[{"href":"https:\/\/lycee-nisard.fr\/index.php?rest_route=\/wp\/v2\/posts\/3566","targetHints":{"allow":["GET"]}}],"collection":[{"href":"https:\/\/lycee-nisard.fr\/index.php?rest_route=\/wp\/v2\/posts"}],"about":[{"href":"https:\/\/lycee-nisard.fr\/index.php?rest_route=\/wp\/v2\/types\/post"}],"author":[{"embeddable":true,"href":"https:\/\/lycee-nisard.fr\/index.php?rest_route=\/wp\/v2\/users\/1"}],"replies":[{"embeddable":true,"href":"https:\/\/lycee-nisard.fr\/index.php?rest_route=%2Fwp%2Fv2%2Fcomments&post=3566"}],"version-history":[{"count":1,"href":"https:\/\/lycee-nisard.fr\/index.php?rest_route=\/wp\/v2\/posts\/3566\/revisions"}],"predecessor-version":[{"id":3569,"href":"https:\/\/lycee-nisard.fr\/index.php?rest_route=\/wp\/v2\/posts\/3566\/revisions\/3569"}],"wp:featuredmedia":[{"embeddable":true,"href":"https:\/\/lycee-nisard.fr\/index.php?rest_route=\/wp\/v2\/media\/3568"}],"wp:attachment":[{"href":"https:\/\/lycee-nisard.fr\/index.php?rest_route=%2Fwp%2Fv2%2Fmedia&parent=3566"}],"wp:term":[{"taxonomy":"category","embeddable":true,"href":"https:\/\/lycee-nisard.fr\/index.php?rest_route=%2Fwp%2Fv2%2Fcategories&post=3566"},{"taxonomy":"post_tag","embeddable":true,"href":"https:\/\/lycee-nisard.fr\/index.php?rest_route=%2Fwp%2Fv2%2Ftags&post=3566"}],"curies":[{"name":"wp","href":"https:\/\/api.w.org\/{rel}","templated":true}]}}