{"id":3557,"date":"2020-05-26T10:06:24","date_gmt":"2020-05-26T09:06:24","guid":{"rendered":"http:\/\/lycee-nisard.fr\/?p=3557"},"modified":"2020-09-01T15:43:26","modified_gmt":"2020-09-01T14:43:26","slug":"une-formation-au-service-des-enfants-et-des-personnes-agees","status":"publish","type":"post","link":"https:\/\/lycee-nisard.fr\/?p=3557","title":{"rendered":"Une formation au service des enfants et des personnes \u00e2g\u00e9es"},"content":{"rendered":"\n<p>\n\nLe bac professionnel Service de Proximit\u00e9 et Vie locale propos\u00e9 jusqu&rsquo;\u00e0 pr\u00e9sent au lyc\u00e9e fait peau neuve et devient le bac professionnel Animation Enfance et Personnes \u00e2g\u00e9es.\n\n<\/p>\n\n\n\n<p>Ce nouveau bac professionnel vise \u00e0 former des animateurs professionnels capables de concevoir des projets et des activit\u00e9s d&rsquo;animation aussi bien aupr\u00e8s d&rsquo;un public jeune que de personnes \u00e2g\u00e9es en perte d&rsquo;autonomie.<\/p>\n\n\n\n<p>Renseignez-vous sur ses sp\u00e9cificit\u00e9s en consultant les deux fiches pr\u00e9sent\u00e9es en pi\u00e8ces jointes<\/p>\n\n\n\n<div class=\"wp-block-file\"><a href=\"http:\/\/lycee-nisard.fr\/wp-content\/uploads\/2020\/05\/FLYER-BAC-PRO-ANIMATION-1.jpg\">FLYER-BAC-PRO-ANIMATION-1<\/a><a href=\"http:\/\/lycee-nisard.fr\/wp-content\/uploads\/2020\/05\/FLYER-BAC-PRO-ANIMATION-1.jpg\" class=\"wp-block-file__button\" download>T\u00e9l\u00e9charger<\/a><\/div>\n\n\n\n<div class=\"wp-block-file\"><a href=\"http:\/\/lycee-nisard.fr\/wp-content\/uploads\/2020\/05\/FLYER-BAC-PRO-ANIMATION-3.jpg\">FLYER-BAC-PRO-ANIMATION-3<\/a><a href=\"http:\/\/lycee-nisard.fr\/wp-content\/uploads\/2020\/05\/FLYER-BAC-PRO-ANIMATION-3.jpg\" class=\"wp-block-file__button\" download>T\u00e9l\u00e9charger<\/a><\/div>\n","protected":false},"excerpt":{"rendered":"<p>Le bac professionnel Service de Proximit\u00e9 et Vie locale propos\u00e9 jusqu&rsquo;\u00e0 pr\u00e9sent au lyc\u00e9e fait peau neuve et devient le bac professionnel Animation Enfance et Personnes \u00e2g\u00e9es. Ce nouveau bac professionnel vise \u00e0 former des animateurs professionnels capables de concevoir des projets et des activit\u00e9s d&rsquo;animation aussi bien aupr\u00e8s d&rsquo;un public jeune que de personnes &hellip; <a href=\"https:\/\/lycee-nisard.fr\/?p=3557\" class=\"more-link\">Continuer la lecture de <span class=\"screen-reader-text\">Une formation au service des enfants et des personnes \u00e2g\u00e9es<\/span>  <span class=\"meta-nav\">&rarr;<\/span><\/a><\/p>\n","protected":false},"author":1,"featured_media":3558,"comment_status":"open","ping_status":"open","sticky":false,"template":"","format":"standard","meta":{"saved_in_kubio":false,"footnotes":""},"categories":[32],"tags":[],"class_list":["post-3557","post","type-post","status-publish","format-standard","has-post-thumbnail","hentry","category-annee-2019-2020"],"_links":{"self":[{"href":"https:\/\/lycee-nisard.fr\/index.php?rest_route=\/wp\/v2\/posts\/3557","targetHints":{"allow":["GET"]}}],"collection":[{"href":"https:\/\/lycee-nisard.fr\/index.php?rest_route=\/wp\/v2\/posts"}],"about":[{"href":"https:\/\/lycee-nisard.fr\/index.php?rest_route=\/wp\/v2\/types\/post"}],"author":[{"embeddable":true,"href":"https:\/\/lycee-nisard.fr\/index.php?rest_route=\/wp\/v2\/users\/1"}],"replies":[{"embeddable":true,"href":"https:\/\/lycee-nisard.fr\/index.php?rest_route=%2Fwp%2Fv2%2Fcomments&post=3557"}],"version-history":[{"count":1,"href":"https:\/\/lycee-nisard.fr\/index.php?rest_route=\/wp\/v2\/posts\/3557\/revisions"}],"predecessor-version":[{"id":3561,"href":"https:\/\/lycee-nisard.fr\/index.php?rest_route=\/wp\/v2\/posts\/3557\/revisions\/3561"}],"wp:featuredmedia":[{"embeddable":true,"href":"https:\/\/lycee-nisard.fr\/index.php?rest_route=\/wp\/v2\/media\/3558"}],"wp:attachment":[{"href":"https:\/\/lycee-nisard.fr\/index.php?rest_route=%2Fwp%2Fv2%2Fmedia&parent=3557"}],"wp:term":[{"taxonomy":"category","embeddable":true,"href":"https:\/\/lycee-nisard.fr\/index.php?rest_route=%2Fwp%2Fv2%2Fcategories&post=3557"},{"taxonomy":"post_tag","embeddable":true,"href":"https:\/\/lycee-nisard.fr\/index.php?rest_route=%2Fwp%2Fv2%2Ftags&post=3557"}],"curies":[{"name":"wp","href":"https:\/\/api.w.org\/{rel}","templated":true}]}}