{"id":3469,"date":"2020-01-13T08:18:56","date_gmt":"2020-01-13T07:18:56","guid":{"rendered":"http:\/\/lycee-nisard.fr\/?p=3469"},"modified":"2020-09-01T15:44:03","modified_gmt":"2020-09-01T14:44:03","slug":"les-eleves-de-2aepe-et-les-petits-crocos-au-theatre","status":"publish","type":"post","link":"https:\/\/lycee-nisard.fr\/?p=3469","title":{"rendered":"Les \u00e9l\u00e8ves de 2AEPE et les \u00ab petits crocos \u00bb au th\u00e9\u00e2tre"},"content":{"rendered":"\n<p>Le vendredi 20 D\u00e9cembre 2019, les\n\u00e9l\u00e8ves de la classe de 2AEPE se sont rendus \u00e0 la salle Kiki de Montparnasse\npour accueillir les \u00e9l\u00e8ves de l\u2019\u00e9cole maternelle Saint Bernard de\nCh\u00e2tillon-sur-Seine, de l\u2019\u00e9cole de Savoisy et enfin de celle de Villaine-en-Duesmois.\n<\/p>\n\n\n\n<p>Cette action fait suite \u00e0 la\nrencontre la veille, avec Annabel de Courson et s\u2019inscrit dans le cadre du\nprojet d\u2019\u00e9ducation artistique et culturel propos\u00e9 par le th\u00e9\u00e2tre Gaston\nBernard.<\/p>\n\n\n\n<p>Elles sont arriv\u00e9es au th\u00e9\u00e2tre\npour 8h45 afin d\u2019avoir un petit briefing pour pr\u00e9senter l\u2019action pr\u00e9sente\nchaque ann\u00e9e sur les tout-petits au th\u00e9\u00e2tre et l\u2019importance de les faire\nfr\u00e9quenter ce lieu de culture d\u00e8s le plus jeune \u00e2ge. Puis les missions de\nchacun ont \u00e9t\u00e9 donn\u00e9es. <\/p>\n\n\n\n<p>Elles ont organis\u00e9 l\u2019accueil des\nenfants en leur distribuant les billets, en les aidant \u00e0 enlever leur manteau,\nen les accompagnant dans la salle et en les aidant \u00e0 s\u2019installer. <\/p>\n\n\n\n<p>Les \u00e9l\u00e8ves ont ensuite assist\u00e9 au\nmini concert intitul\u00e9 \u00ab&nbsp;Promenons-nous&nbsp;\u00bb cr\u00e9e et interpr\u00e9t\u00e9 par la\nCompagnie les Tout-Petits Patapons. Il s\u2019agissait d\u2019un conte musical interactif\nsur le th\u00e8me des animaux. <\/p>\n\n\n\n<p>A la fin de la repr\u00e9sentation,\nles \u00e9l\u00e8ves ont aid\u00e9 les enfants \u00e0 se rhabiller et sont repartis des m\u00e9lodies\nplein la t\u00eate.<\/p>\n\n\n\n<p>L\u2019intervention du matin a permis\naux \u00e9l\u00e8ves de mettre en pratique les cours vus au lyc\u00e9e et de se pr\u00e9parer pour\nla vie future, une grande partie se destinant \u00e0 travailler avec des enfants. Elles\nont pu \u00eatre en contact avec les petits et les aider comme les professionnels\nl\u2019auraient fait en temps normal. <\/p>\n\n\n\n<div class=\"wp-block-image\"><figure class=\"aligncenter\"><img loading=\"lazy\" decoding=\"async\" width=\"283\" height=\"300\" src=\"http:\/\/lycee-nisard.fr\/wp-content\/uploads\/2020\/01\/Theatre-283x300.jpg\" alt=\"\" class=\"wp-image-3477\" srcset=\"https:\/\/lycee-nisard.fr\/wp-content\/uploads\/2020\/01\/Theatre-283x300.jpg 283w, https:\/\/lycee-nisard.fr\/wp-content\/uploads\/2020\/01\/Theatre.jpg 580w\" sizes=\"(max-width: 283px) 100vw, 283px\" \/><\/figure><\/div>\n\n\n\n<p>Les \u00e9l\u00e8ves remercient le th\u00e9\u00e2tre\nGaston Bernard pour leur avoir offert le spectacle et le temps pass\u00e9 pour les\npr\u00e9parer \u00e0 cette intervention. <\/p>\n\n\n\n<p style=\"text-align:right\">&nbsp;&nbsp;&nbsp;&nbsp;&nbsp;&nbsp;&nbsp;&nbsp;&nbsp;&nbsp;&nbsp;&nbsp;&nbsp;&nbsp;&nbsp;&nbsp;&nbsp;&nbsp;&nbsp;&nbsp;&nbsp;&nbsp;&nbsp;&nbsp;&nbsp;&nbsp;&nbsp;&nbsp;&nbsp;&nbsp;&nbsp;&nbsp;&nbsp;&nbsp;&nbsp;&nbsp;&nbsp;&nbsp;&nbsp;&nbsp;&nbsp;&nbsp;&nbsp;&nbsp;&nbsp;&nbsp;&nbsp;&nbsp;&nbsp;&nbsp;&nbsp;&nbsp;&nbsp;&nbsp;&nbsp;&nbsp;&nbsp;&nbsp;&nbsp;&nbsp;&nbsp;&nbsp;&nbsp;&nbsp;&nbsp;&nbsp;&nbsp;&nbsp;&nbsp;&nbsp;&nbsp;&nbsp;&nbsp;&nbsp;&nbsp;&nbsp;&nbsp;&nbsp;&nbsp;&nbsp;&nbsp;&nbsp;&nbsp;&nbsp;&nbsp;&nbsp;&nbsp;&nbsp;&nbsp;&nbsp;&nbsp;&nbsp;&nbsp;&nbsp;&nbsp;&nbsp;&nbsp;&nbsp;&nbsp;&nbsp;&nbsp;&nbsp;&nbsp;&nbsp;&nbsp;&nbsp;&nbsp;&nbsp;&nbsp;&nbsp;&nbsp;&nbsp;&nbsp;&nbsp;&nbsp;&nbsp;&nbsp;&nbsp;&nbsp;&nbsp;&nbsp;&nbsp;&nbsp;&nbsp;&nbsp;&nbsp;&nbsp;&nbsp;&nbsp;&nbsp;&nbsp;&nbsp;&nbsp;&nbsp;&nbsp;&nbsp;&nbsp;&nbsp;&nbsp;&nbsp;&nbsp;&nbsp;&nbsp;&nbsp;&nbsp;&nbsp;&nbsp;&nbsp;&nbsp;&nbsp;&nbsp;&nbsp;&nbsp;&nbsp;&nbsp;&nbsp; Les\n\u00e9l\u00e8ves de 2AEPE<\/p>\n","protected":false},"excerpt":{"rendered":"<p>Le vendredi 20 D\u00e9cembre 2019, les \u00e9l\u00e8ves de la classe de 2AEPE se sont rendus \u00e0 la salle Kiki de Montparnasse pour accueillir les \u00e9l\u00e8ves de l\u2019\u00e9cole maternelle Saint Bernard de Ch\u00e2tillon-sur-Seine, de l\u2019\u00e9cole de Savoisy et enfin de celle de Villaine-en-Duesmois. Cette action fait suite \u00e0 la rencontre la veille, avec Annabel de Courson &hellip; <a href=\"https:\/\/lycee-nisard.fr\/?p=3469\" class=\"more-link\">Continuer la lecture de <span class=\"screen-reader-text\">Les \u00e9l\u00e8ves de 2AEPE et les \u00ab petits crocos \u00bb au th\u00e9\u00e2tre<\/span>  <span class=\"meta-nav\">&rarr;<\/span><\/a><\/p>\n","protected":false},"author":1,"featured_media":3470,"comment_status":"open","ping_status":"open","sticky":false,"template":"","format":"standard","meta":{"saved_in_kubio":false,"footnotes":""},"categories":[32],"tags":[],"class_list":["post-3469","post","type-post","status-publish","format-standard","has-post-thumbnail","hentry","category-annee-2019-2020"],"_links":{"self":[{"href":"https:\/\/lycee-nisard.fr\/index.php?rest_route=\/wp\/v2\/posts\/3469","targetHints":{"allow":["GET"]}}],"collection":[{"href":"https:\/\/lycee-nisard.fr\/index.php?rest_route=\/wp\/v2\/posts"}],"about":[{"href":"https:\/\/lycee-nisard.fr\/index.php?rest_route=\/wp\/v2\/types\/post"}],"author":[{"embeddable":true,"href":"https:\/\/lycee-nisard.fr\/index.php?rest_route=\/wp\/v2\/users\/1"}],"replies":[{"embeddable":true,"href":"https:\/\/lycee-nisard.fr\/index.php?rest_route=%2Fwp%2Fv2%2Fcomments&post=3469"}],"version-history":[{"count":2,"href":"https:\/\/lycee-nisard.fr\/index.php?rest_route=\/wp\/v2\/posts\/3469\/revisions"}],"predecessor-version":[{"id":3478,"href":"https:\/\/lycee-nisard.fr\/index.php?rest_route=\/wp\/v2\/posts\/3469\/revisions\/3478"}],"wp:featuredmedia":[{"embeddable":true,"href":"https:\/\/lycee-nisard.fr\/index.php?rest_route=\/wp\/v2\/media\/3470"}],"wp:attachment":[{"href":"https:\/\/lycee-nisard.fr\/index.php?rest_route=%2Fwp%2Fv2%2Fmedia&parent=3469"}],"wp:term":[{"taxonomy":"category","embeddable":true,"href":"https:\/\/lycee-nisard.fr\/index.php?rest_route=%2Fwp%2Fv2%2Fcategories&post=3469"},{"taxonomy":"post_tag","embeddable":true,"href":"https:\/\/lycee-nisard.fr\/index.php?rest_route=%2Fwp%2Fv2%2Ftags&post=3469"}],"curies":[{"name":"wp","href":"https:\/\/api.w.org\/{rel}","templated":true}]}}