{"id":3451,"date":"2020-01-09T08:22:54","date_gmt":"2020-01-09T07:22:54","guid":{"rendered":"http:\/\/lycee-nisard.fr\/?p=3451"},"modified":"2020-09-01T15:44:17","modified_gmt":"2020-09-01T14:44:17","slug":"atelier-deveil-musical-avec-annabel-de-courson","status":"publish","type":"post","link":"https:\/\/lycee-nisard.fr\/?p=3451","title":{"rendered":"Atelier d\u2019\u00e9veil musical avec Annabel de Courson"},"content":{"rendered":"\n<p><strong>Le jeudi 19 d\u00e9cembre, les \u00e9l\u00e8ves de 2AEPE ont accueilli au lyc\u00e9e Mme Annabel de Courson pour un atelier d\u2019\u00e9veil musical dans le cadre du contrat Educatif, Artistique et Culturel du th\u00e9\u00e2tre Gaston Bernard de Ch\u00e2tillon sur Seine.<\/strong><\/p>\n\n\n\n<ul class=\"wp-block-gallery columns-3 is-cropped wp-block-gallery-1 is-layout-flex wp-block-gallery-is-layout-flex\"><li class=\"blocks-gallery-item\"><figure><img loading=\"lazy\" decoding=\"async\" width=\"146\" height=\"300\" src=\"http:\/\/lycee-nisard.fr\/wp-content\/uploads\/2020\/01\/Photo4-146x300.jpg\" alt=\"\" data-id=\"3455\" class=\"wp-image-3455\" srcset=\"https:\/\/lycee-nisard.fr\/wp-content\/uploads\/2020\/01\/Photo4-146x300.jpg 146w, https:\/\/lycee-nisard.fr\/wp-content\/uploads\/2020\/01\/Photo4.jpg 340w\" sizes=\"(max-width: 146px) 100vw, 146px\" \/><\/figure><\/li><li class=\"blocks-gallery-item\"><figure><img loading=\"lazy\" decoding=\"async\" width=\"931\" height=\"453\" src=\"http:\/\/lycee-nisard.fr\/wp-content\/uploads\/2020\/01\/Photo3-2.jpg\" alt=\"\" data-id=\"3458\" data-link=\"http:\/\/lycee-nisard.fr\/?attachment_id=3458\" class=\"wp-image-3458\" srcset=\"https:\/\/lycee-nisard.fr\/wp-content\/uploads\/2020\/01\/Photo3-2.jpg 931w, https:\/\/lycee-nisard.fr\/wp-content\/uploads\/2020\/01\/Photo3-2-300x146.jpg 300w, https:\/\/lycee-nisard.fr\/wp-content\/uploads\/2020\/01\/Photo3-2-768x374.jpg 768w\" sizes=\"(max-width: 931px) 100vw, 931px\" \/><\/figure><\/li><li class=\"blocks-gallery-item\"><figure><img decoding=\"async\" src=\"blob:http:\/\/lycee-nisard.fr\/ee1fcdfb-3df9-4238-b347-3d433ef96079\"\/><\/figure><\/li><\/ul>\n\n\n\n<p>Cet atelier a eu lieu en amont de\nla repr\u00e9sentation du spectacle \u00ab&nbsp;Promenons-nous&nbsp;\u00bb de la compagnie <em>Les Tout-Petits Patapons<\/em>.<\/p>\n\n\n\n<p>L\u2019atelier a commenc\u00e9 par une pr\u00e9sentation de Mme de Courson, sur son travail et de l\u2019importance de l\u2019\u00e9veil chez les enfants. Puis une mise en pratique a eu lieu. Les \u00e9l\u00e8ves ont \u00e9t\u00e9 invit\u00e9es \u00e0 venir s\u2019asseoir en cercle au sol, et l\u2019atelier a pris une autre tournure. <br><\/p>\n\n\n\n<p>Chaque \u00e9l\u00e8ve s\u2019est choisi un nouveau pr\u00e9nom, et une chanson d\u2019accueil et de bienvenue a \u00e9t\u00e9 entonn\u00e9e, d\u2019abord par l\u2019intervenante, puis par une \u00e9l\u00e8ve volontaire. <\/p>\n\n\n\n<p>Mme de Courson, qui est venue\navec son sac \u00e0 malices, nous a sorti une premi\u00e8re boite, contenant des\nmarionnettes \u00e0 doigt en forme d\u2019animaux, avec lesquels les \u00e9l\u00e8ves ont pu\nchanter et animer des petites comptines, de quoi raviver les souvenirs\nd\u2019enfances.<\/p>\n\n\n\n<p>Puis, des tubes ont surgit du sac, de tailles et de couleurs diff\u00e9rentes, pour permettre de faire des sons avec, qui diff\u00e8rent en fonction de ce qu\u2019on en fait.<\/p>\n\n\n\n<p>Les \u00e9l\u00e8ves ont eu par\nla suite le droit \u00e0 des \u0153ufs-maracas, ce qui a fait l\u2019unanimit\u00e9 parmi-elles. <\/p>\n\n\n\n<p>Et pour terminer, elles ont pu se\ntr\u00e9mousser sur de la musique avec des foulards. <\/p>\n\n\n\n<p>L\u2019heure \u00e9tant termin\u00e9e, elles\nn\u2019ont pas vu le temps passer et il \u00e9tait d\u00e9j\u00e0 temps \u00e0 Mme de Courson de\nrepartir. <\/p>\n\n\n\n<p>Le bilan de cette intervention\nreste positif, car les \u00e9l\u00e8ves avaient des aprioris avant le d\u00e9but, mais ont\nfinalement bien adh\u00e9r\u00e9 et en ont gard\u00e9 un bon souvenir. Certaines ont pu y\nrepenser par la suite et ont vu des possibilit\u00e9s d\u2019animations pour la prochaine\np\u00e9riode de formation en milieu professionnel qui aura lieu en mars 2020. <\/p>\n\n\n\n<p>Il est souvent difficile de les\nfaire s\u2019exprimer et prendre du plaisir sur des comptines, et cette intervention\naura eu le b\u00e9n\u00e9fice de les faire travailler tout en s\u2019amusant. <\/p>\n","protected":false},"excerpt":{"rendered":"<p>Le jeudi 19 d\u00e9cembre, les \u00e9l\u00e8ves de 2AEPE ont accueilli au lyc\u00e9e Mme Annabel de Courson pour un atelier d\u2019\u00e9veil musical dans le cadre du contrat Educatif, Artistique et Culturel du th\u00e9\u00e2tre Gaston Bernard de Ch\u00e2tillon sur Seine. Cet atelier a eu lieu en amont de la repr\u00e9sentation du spectacle \u00ab&nbsp;Promenons-nous&nbsp;\u00bb de la compagnie Les &hellip; <a href=\"https:\/\/lycee-nisard.fr\/?p=3451\" class=\"more-link\">Continuer la lecture de <span class=\"screen-reader-text\">Atelier d\u2019\u00e9veil musical avec Annabel de Courson<\/span>  <span class=\"meta-nav\">&rarr;<\/span><\/a><\/p>\n","protected":false},"author":1,"featured_media":3452,"comment_status":"open","ping_status":"open","sticky":false,"template":"","format":"standard","meta":{"saved_in_kubio":false,"footnotes":""},"categories":[32],"tags":[],"class_list":["post-3451","post","type-post","status-publish","format-standard","has-post-thumbnail","hentry","category-annee-2019-2020"],"_links":{"self":[{"href":"https:\/\/lycee-nisard.fr\/index.php?rest_route=\/wp\/v2\/posts\/3451","targetHints":{"allow":["GET"]}}],"collection":[{"href":"https:\/\/lycee-nisard.fr\/index.php?rest_route=\/wp\/v2\/posts"}],"about":[{"href":"https:\/\/lycee-nisard.fr\/index.php?rest_route=\/wp\/v2\/types\/post"}],"author":[{"embeddable":true,"href":"https:\/\/lycee-nisard.fr\/index.php?rest_route=\/wp\/v2\/users\/1"}],"replies":[{"embeddable":true,"href":"https:\/\/lycee-nisard.fr\/index.php?rest_route=%2Fwp%2Fv2%2Fcomments&post=3451"}],"version-history":[{"count":1,"href":"https:\/\/lycee-nisard.fr\/index.php?rest_route=\/wp\/v2\/posts\/3451\/revisions"}],"predecessor-version":[{"id":3459,"href":"https:\/\/lycee-nisard.fr\/index.php?rest_route=\/wp\/v2\/posts\/3451\/revisions\/3459"}],"wp:featuredmedia":[{"embeddable":true,"href":"https:\/\/lycee-nisard.fr\/index.php?rest_route=\/wp\/v2\/media\/3452"}],"wp:attachment":[{"href":"https:\/\/lycee-nisard.fr\/index.php?rest_route=%2Fwp%2Fv2%2Fmedia&parent=3451"}],"wp:term":[{"taxonomy":"category","embeddable":true,"href":"https:\/\/lycee-nisard.fr\/index.php?rest_route=%2Fwp%2Fv2%2Fcategories&post=3451"},{"taxonomy":"post_tag","embeddable":true,"href":"https:\/\/lycee-nisard.fr\/index.php?rest_route=%2Fwp%2Fv2%2Ftags&post=3451"}],"curies":[{"name":"wp","href":"https:\/\/api.w.org\/{rel}","templated":true}]}}