{"id":3399,"date":"2019-10-10T07:39:23","date_gmt":"2019-10-10T06:39:23","guid":{"rendered":"http:\/\/lycee-nisard.fr\/?p=3399"},"modified":"2020-09-01T15:44:38","modified_gmt":"2020-09-01T14:44:38","slug":"lancement-doctobre-rose","status":"publish","type":"post","link":"https:\/\/lycee-nisard.fr\/?p=3399","title":{"rendered":"Lancement d&rsquo;Octobre Rose"},"content":{"rendered":"\n<p>La classe de TPro  Accompagnement, soins et services \u00e0 la personne (ASSP) et Service de proximit\u00e9 et vie locale (SPVL) a mis sur pied cette course&#8230;\u00a0<\/p>\n\n\n\n<ul class=\"wp-block-gallery columns-1 is-cropped wp-block-gallery-1 is-layout-flex wp-block-gallery-is-layout-flex\"><li class=\"blocks-gallery-item\"><figure><img loading=\"lazy\" decoding=\"async\" width=\"940\" height=\"620\" src=\"http:\/\/lycee-nisard.fr\/wp-content\/uploads\/2019\/10\/PhotoDepart.jpg\" alt=\"\" data-id=\"3400\" data-link=\"http:\/\/lycee-nisard.fr\/?attachment_id=3400\" class=\"wp-image-3400\" srcset=\"https:\/\/lycee-nisard.fr\/wp-content\/uploads\/2019\/10\/PhotoDepart.jpg 940w, https:\/\/lycee-nisard.fr\/wp-content\/uploads\/2019\/10\/PhotoDepart-300x198.jpg 300w, https:\/\/lycee-nisard.fr\/wp-content\/uploads\/2019\/10\/PhotoDepart-768x507.jpg 768w\" sizes=\"(max-width: 940px) 100vw, 940px\" \/><figcaption>\u00a9 Le Bien Public <\/figcaption><\/figure><\/li><li class=\"blocks-gallery-item\"><figure><img loading=\"lazy\" decoding=\"async\" width=\"940\" height=\"620\" src=\"http:\/\/lycee-nisard.fr\/wp-content\/uploads\/2019\/10\/PhotoInscriptions.jpg\" alt=\"\" data-id=\"3401\" data-link=\"http:\/\/lycee-nisard.fr\/?attachment_id=3401\" class=\"wp-image-3401\" srcset=\"https:\/\/lycee-nisard.fr\/wp-content\/uploads\/2019\/10\/PhotoInscriptions.jpg 940w, https:\/\/lycee-nisard.fr\/wp-content\/uploads\/2019\/10\/PhotoInscriptions-300x198.jpg 300w, https:\/\/lycee-nisard.fr\/wp-content\/uploads\/2019\/10\/PhotoInscriptions-768x507.jpg 768w\" sizes=\"(max-width: 940px) 100vw, 940px\" \/><figcaption>\u00a9 Le Bien Public<\/figcaption><\/figure><\/li><li class=\"blocks-gallery-item\"><figure><img loading=\"lazy\" decoding=\"async\" width=\"940\" height=\"620\" src=\"http:\/\/lycee-nisard.fr\/wp-content\/uploads\/2019\/10\/PhotoLigue.jpg\" alt=\"\" data-id=\"3402\" data-link=\"http:\/\/lycee-nisard.fr\/?attachment_id=3402\" class=\"wp-image-3402\" srcset=\"https:\/\/lycee-nisard.fr\/wp-content\/uploads\/2019\/10\/PhotoLigue.jpg 940w, https:\/\/lycee-nisard.fr\/wp-content\/uploads\/2019\/10\/PhotoLigue-300x198.jpg 300w, https:\/\/lycee-nisard.fr\/wp-content\/uploads\/2019\/10\/PhotoLigue-768x507.jpg 768w\" sizes=\"(max-width: 940px) 100vw, 940px\" \/><figcaption>\u00a9 Le Bien Public<\/figcaption><\/figure><\/li><\/ul>\n\n\n\n<p>Le mercredi 2 octobre au matin, une course solidaire au profit de la Ligue contre le cancer a officiellement lanc\u00e9 Octobre rose \u00e0 Ch\u00e2tillon-sur-Seine. L&rsquo;organisation de l\u2019\u00e9v\u00e8nement a \u00e9t\u00e9 assur\u00e9 par la classe de TPro du lyc\u00e9e D\u00e9sir\u00e9 Nisard, aid\u00e9e d\u2019\u00c9lie Laffage, enseignant, et en partenariat avec la Ligue. On comptait une soixantaine de participants. Il s\u2019agissait d\u2019une course inter-\u00e9tablissements, des classes du coll\u00e8ge Fontaine-des-Ducs prenant aussi part \u00e0 l\u2019\u00e9v\u00e9nement. \u00ab\u00a0Tout le mois, divers commer\u00e7ants du Ch\u00e2tillonnais vont participer \u00e0 Octobre rose\u00a0\u00bb, pr\u00e9cise Lydie Martin, la r\u00e9f\u00e9rente de la Ligue dans le Ch\u00e2tillonnais &#8211; sous forme de dons revers\u00e9s ou de produits vendus au profit de la Ligue.<\/p>\n\n\n\n<div class=\"wp-block-image\"><figure class=\"aligncenter is-resized\"><img loading=\"lazy\" decoding=\"async\" src=\"http:\/\/lycee-nisard.fr\/wp-content\/uploads\/2019\/10\/Pointage.jpg\" alt=\"\" class=\"wp-image-3403\" width=\"470\" height=\"310\" srcset=\"https:\/\/lycee-nisard.fr\/wp-content\/uploads\/2019\/10\/Pointage.jpg 940w, https:\/\/lycee-nisard.fr\/wp-content\/uploads\/2019\/10\/Pointage-300x198.jpg 300w, https:\/\/lycee-nisard.fr\/wp-content\/uploads\/2019\/10\/Pointage-768x507.jpg 768w\" sizes=\"(max-width: 470px) 100vw, 470px\" \/><figcaption>\u00a9 Le Bien Public<\/figcaption><\/figure><\/div>\n\n\n\n<p>Chaque participant devait \u00eatre parrain\u00e9 et chaque tour r\u00e9alis\u00e9 ajoutait des dons dans la cagnotte&#8230; \u00c0 chaque boucle, il fallait donc pointer, afin de savoir \u00e0 la fin du temps imparti, combien chaque participant avait fait de tours.<\/p>\n\n\n\n<p> Chaque coureur n\u2019avait qu\u2019un objectif\u00a0: faire un maximum de tours !<\/p>\n","protected":false},"excerpt":{"rendered":"<p>La classe de TPro Accompagnement, soins et services \u00e0 la personne (ASSP) et Service de proximit\u00e9 et vie locale (SPVL) a mis sur pied cette course&#8230;\u00a0 Le mercredi 2 octobre au matin, une course solidaire au profit de la Ligue contre le cancer a officiellement lanc\u00e9 Octobre rose \u00e0 Ch\u00e2tillon-sur-Seine. L&rsquo;organisation de l\u2019\u00e9v\u00e8nement a \u00e9t\u00e9 &hellip; <a href=\"https:\/\/lycee-nisard.fr\/?p=3399\" class=\"more-link\">Continuer la lecture de <span class=\"screen-reader-text\">Lancement d&rsquo;Octobre Rose<\/span>  <span class=\"meta-nav\">&rarr;<\/span><\/a><\/p>\n","protected":false},"author":1,"featured_media":3402,"comment_status":"open","ping_status":"open","sticky":false,"template":"","format":"standard","meta":{"saved_in_kubio":false,"footnotes":""},"categories":[32],"tags":[],"class_list":["post-3399","post","type-post","status-publish","format-standard","has-post-thumbnail","hentry","category-annee-2019-2020"],"_links":{"self":[{"href":"https:\/\/lycee-nisard.fr\/index.php?rest_route=\/wp\/v2\/posts\/3399","targetHints":{"allow":["GET"]}}],"collection":[{"href":"https:\/\/lycee-nisard.fr\/index.php?rest_route=\/wp\/v2\/posts"}],"about":[{"href":"https:\/\/lycee-nisard.fr\/index.php?rest_route=\/wp\/v2\/types\/post"}],"author":[{"embeddable":true,"href":"https:\/\/lycee-nisard.fr\/index.php?rest_route=\/wp\/v2\/users\/1"}],"replies":[{"embeddable":true,"href":"https:\/\/lycee-nisard.fr\/index.php?rest_route=%2Fwp%2Fv2%2Fcomments&post=3399"}],"version-history":[{"count":2,"href":"https:\/\/lycee-nisard.fr\/index.php?rest_route=\/wp\/v2\/posts\/3399\/revisions"}],"predecessor-version":[{"id":3405,"href":"https:\/\/lycee-nisard.fr\/index.php?rest_route=\/wp\/v2\/posts\/3399\/revisions\/3405"}],"wp:featuredmedia":[{"embeddable":true,"href":"https:\/\/lycee-nisard.fr\/index.php?rest_route=\/wp\/v2\/media\/3402"}],"wp:attachment":[{"href":"https:\/\/lycee-nisard.fr\/index.php?rest_route=%2Fwp%2Fv2%2Fmedia&parent=3399"}],"wp:term":[{"taxonomy":"category","embeddable":true,"href":"https:\/\/lycee-nisard.fr\/index.php?rest_route=%2Fwp%2Fv2%2Fcategories&post=3399"},{"taxonomy":"post_tag","embeddable":true,"href":"https:\/\/lycee-nisard.fr\/index.php?rest_route=%2Fwp%2Fv2%2Ftags&post=3399"}],"curies":[{"name":"wp","href":"https:\/\/api.w.org\/{rel}","templated":true}]}}