{"id":3381,"date":"2019-09-18T07:59:47","date_gmt":"2019-09-18T06:59:47","guid":{"rendered":"http:\/\/lycee-nisard.fr\/?p=3381"},"modified":"2020-09-01T15:44:45","modified_gmt":"2020-09-01T14:44:45","slug":"les-sportifs-sont-partis","status":"publish","type":"post","link":"https:\/\/lycee-nisard.fr\/?p=3381","title":{"rendered":"Les sportifs sont revenus !"},"content":{"rendered":"\n<p>C&rsquo;est par un beau d\u00e9but de journ\u00e9e ensoleill\u00e9 que les \u00e9l\u00e8ves de l&rsquo;option EPS ont enfourch\u00e9 leur v\u00e9lo pour partir \u00e0 l&rsquo;assaut de la for\u00eat ch\u00e2tillonnaise.<\/p>\n\n\n\n<figure class=\"wp-block-image\"><img loading=\"lazy\" decoding=\"async\" width=\"1024\" height=\"607\" src=\"http:\/\/lycee-nisard.fr\/wp-content\/uploads\/2019\/09\/Raid2-1024x607.jpg\" alt=\"\" class=\"wp-image-3384\" srcset=\"https:\/\/lycee-nisard.fr\/wp-content\/uploads\/2019\/09\/Raid2-1024x607.jpg 1024w, https:\/\/lycee-nisard.fr\/wp-content\/uploads\/2019\/09\/Raid2-300x178.jpg 300w, https:\/\/lycee-nisard.fr\/wp-content\/uploads\/2019\/09\/Raid2-768x455.jpg 768w\" sizes=\"(max-width: 1024px) 100vw, 1024px\" \/><figcaption>Les optionnaires avant le d\u00e9part<\/figcaption><\/figure>\n\n\n\n<p> 2 jours pendant lesquels ils participeront \u00e0 plusieurs \u00e9preuves : course d&rsquo;orientation, run and bike, VTT,&#8230; et devront faire preuve d&rsquo;un courage et d&rsquo;une motivation in\u00e9branlables pour r\u00e9sister au programme concoct\u00e9 par leurs enseignants : 100 kilom\u00e8tres en VTT sur 2 jours, entrecoup\u00e9s d&rsquo;autres challenges. <br>En dehors de l&rsquo;esprit comp\u00e9titif, c&rsquo;est surtout l&rsquo;esprit d&rsquo;entraide, et la coh\u00e9sion d&rsquo;un groupe qui sont vis\u00e9s ici&#8230; Les 10 \u00e9quipes auront certainement \u00e0 c\u0153ur de donner le meilleur d&rsquo;eux-m\u00eames.<br>44 \u00e9l\u00e8ves et 6 accompagnateurs (les 3 professeurs d&rsquo;EPS, M. Chartier et M. Grand et un ancien parent d&rsquo;\u00e9l\u00e8ve) font partie de l&rsquo;aventure, et, \u00e0 n&rsquo;en pas douter, ils vont revenir fatigu\u00e9s, mais  enchant\u00e9s ! <\/p>\n","protected":false},"excerpt":{"rendered":"<p>C&rsquo;est par un beau d\u00e9but de journ\u00e9e ensoleill\u00e9 que les \u00e9l\u00e8ves de l&rsquo;option EPS ont enfourch\u00e9 leur v\u00e9lo pour partir \u00e0 l&rsquo;assaut de la for\u00eat ch\u00e2tillonnaise. 2 jours pendant lesquels ils participeront \u00e0 plusieurs \u00e9preuves : course d&rsquo;orientation, run and bike, VTT,&#8230; et devront faire preuve d&rsquo;un courage et d&rsquo;une motivation in\u00e9branlables pour r\u00e9sister au &hellip; <a href=\"https:\/\/lycee-nisard.fr\/?p=3381\" class=\"more-link\">Continuer la lecture de <span class=\"screen-reader-text\">Les sportifs sont revenus !<\/span>  <span class=\"meta-nav\">&rarr;<\/span><\/a><\/p>\n","protected":false},"author":1,"featured_media":3383,"comment_status":"open","ping_status":"open","sticky":false,"template":"","format":"standard","meta":{"saved_in_kubio":false,"footnotes":""},"categories":[32],"tags":[],"class_list":["post-3381","post","type-post","status-publish","format-standard","has-post-thumbnail","hentry","category-annee-2019-2020"],"_links":{"self":[{"href":"https:\/\/lycee-nisard.fr\/index.php?rest_route=\/wp\/v2\/posts\/3381","targetHints":{"allow":["GET"]}}],"collection":[{"href":"https:\/\/lycee-nisard.fr\/index.php?rest_route=\/wp\/v2\/posts"}],"about":[{"href":"https:\/\/lycee-nisard.fr\/index.php?rest_route=\/wp\/v2\/types\/post"}],"author":[{"embeddable":true,"href":"https:\/\/lycee-nisard.fr\/index.php?rest_route=\/wp\/v2\/users\/1"}],"replies":[{"embeddable":true,"href":"https:\/\/lycee-nisard.fr\/index.php?rest_route=%2Fwp%2Fv2%2Fcomments&post=3381"}],"version-history":[{"count":2,"href":"https:\/\/lycee-nisard.fr\/index.php?rest_route=\/wp\/v2\/posts\/3381\/revisions"}],"predecessor-version":[{"id":3397,"href":"https:\/\/lycee-nisard.fr\/index.php?rest_route=\/wp\/v2\/posts\/3381\/revisions\/3397"}],"wp:featuredmedia":[{"embeddable":true,"href":"https:\/\/lycee-nisard.fr\/index.php?rest_route=\/wp\/v2\/media\/3383"}],"wp:attachment":[{"href":"https:\/\/lycee-nisard.fr\/index.php?rest_route=%2Fwp%2Fv2%2Fmedia&parent=3381"}],"wp:term":[{"taxonomy":"category","embeddable":true,"href":"https:\/\/lycee-nisard.fr\/index.php?rest_route=%2Fwp%2Fv2%2Fcategories&post=3381"},{"taxonomy":"post_tag","embeddable":true,"href":"https:\/\/lycee-nisard.fr\/index.php?rest_route=%2Fwp%2Fv2%2Ftags&post=3381"}],"curies":[{"name":"wp","href":"https:\/\/api.w.org\/{rel}","templated":true}]}}