{"id":6379,"date":"2024-06-26T09:53:55","date_gmt":"2024-06-26T08:53:55","guid":{"rendered":"http:\/\/lycee-nisard.fr\/?p=6379"},"modified":"2025-06-27T12:34:20","modified_gmt":"2025-06-27T11:34:20","slug":"rendez-vous-sur-france-bleu-bourgogne-le-30-juin-de-9h-a-10h","status":"publish","type":"post","link":"http:\/\/lycee-nisard.fr\/?p=6379","title":{"rendered":"Rendez-vous sur France Bleu Bourgogne le 30 juin de 9h \u00e0 10h"},"content":{"rendered":"\n<p><strong>L&rsquo;\u00e9mission enregistr\u00e9e dans les conditions du direct \u00e0 France Bleu Bourgogne le 5 juin avec les \u00e9l\u00e8ves de 1re HGGSP et les \u00e9tudiants du master 2 Journalisme de l&rsquo;Ub de Dijon est diffus\u00e9e le dimanche 30 juin de 9h \u00e0 10h. <\/strong><\/p>\n\n\n\n<h4 class=\"wp-block-heading\">Emission \u00e0 r\u00e9\u00e9couter<em><strong> <a href=\"https:\/\/www.francebleu.fr\/emissions\/bourgogne-pleine-nature\/la-classe-bleu-une-emission-avec-les-eleves-du-lycee-desire-nisard-de-chatillon-sur-seine-7751008\" data-type=\"link\" data-id=\"https:\/\/www.francebleu.fr\/emissions\/bourgogne-pleine-nature\/la-classe-bleu-une-emission-avec-les-eleves-du-lycee-desire-nisard-de-chatillon-sur-seine-7751008\" target=\"_blank\" rel=\"noreferrer noopener\">ICI<\/a><\/strong><\/em><\/h4>\n\n\n\n<p>Retrouvez les reportages, interviews, chroniques et r\u00e9actions des \u00e9l\u00e8ves au cours de l&rsquo;\u00e9mission anim\u00e9e par Ludovic Gaudill\u00e8re et St\u00e9phanie Perenon.<\/p>\n\n\n\n<h6 class=\"wp-block-heading\">Au programme :<\/h6>\n\n\n\n<ul class=\"wp-block-list\">\n<li>Les influenceurs : rencontre avec le Zantar dans le studio de France Bleu Bourgogne<\/li>\n\n\n\n<li>La maltraitance animale : rencontre avec Madame Mousseler, pr\u00e9sidnete de l&rsquo;association Beagles of Burgundy<\/li>\n\n\n\n<li>Le handisport : rencontres avec Laura Mahieu, Corentin Le Guen et S\u00e9bastien Verdin<\/li>\n\n\n\n<li>Les jeux vid\u00e9os : Visite \u00e0 la m\u00e9diath\u00e8que de Ch\u00e2tillon-sur-Seine<\/li>\n\n\n\n<li>Le harc\u00e8lement de rue : Rencontre au Planning Familial de Longvic.<\/li>\n<\/ul>\n\n\n\n<figure class=\"wp-block-gallery has-nested-images columns-default is-cropped wp-block-gallery-1 is-layout-flex wp-block-gallery-is-layout-flex\">\n<figure class=\"wp-block-image size-large\"><a href=\"http:\/\/lycee-nisard.fr\/wp-content\/uploads\/2024\/02\/Selfie1.jpg\"><img loading=\"lazy\" decoding=\"async\" width=\"768\" height=\"1024\" data-id=\"5929\" src=\"http:\/\/lycee-nisard.fr\/wp-content\/uploads\/2024\/02\/Selfie1-768x1024.jpg\" alt=\"\" class=\"wp-image-5929\" srcset=\"http:\/\/lycee-nisard.fr\/wp-content\/uploads\/2024\/02\/Selfie1-768x1024.jpg 768w, http:\/\/lycee-nisard.fr\/wp-content\/uploads\/2024\/02\/Selfie1-225x300.jpg 225w, http:\/\/lycee-nisard.fr\/wp-content\/uploads\/2024\/02\/Selfie1-1152x1536.jpg 1152w, http:\/\/lycee-nisard.fr\/wp-content\/uploads\/2024\/02\/Selfie1.jpg 1200w\" sizes=\"(max-width: 768px) 100vw, 768px\" \/><\/a><figcaption class=\"wp-element-caption\">Le Zantar, Influenceur<\/figcaption><\/figure>\n\n\n\n<figure class=\"wp-block-image size-large\"><a href=\"http:\/\/lycee-nisard.fr\/wp-content\/uploads\/2024\/02\/Interview-scaled.jpg\"><img loading=\"lazy\" decoding=\"async\" width=\"1024\" height=\"576\" data-id=\"5927\" src=\"http:\/\/lycee-nisard.fr\/wp-content\/uploads\/2024\/02\/Interview-1024x576.jpg\" alt=\"\" class=\"wp-image-5927\" srcset=\"http:\/\/lycee-nisard.fr\/wp-content\/uploads\/2024\/02\/Interview-1024x576.jpg 1024w, http:\/\/lycee-nisard.fr\/wp-content\/uploads\/2024\/02\/Interview-300x169.jpg 300w, http:\/\/lycee-nisard.fr\/wp-content\/uploads\/2024\/02\/Interview-768x432.jpg 768w, http:\/\/lycee-nisard.fr\/wp-content\/uploads\/2024\/02\/Interview-1536x864.jpg 1536w, http:\/\/lycee-nisard.fr\/wp-content\/uploads\/2024\/02\/Interview-2048x1152.jpg 2048w\" sizes=\"(max-width: 1024px) 100vw, 1024px\" \/><\/a><figcaption class=\"wp-element-caption\">Madame Mousseler pour l&rsquo;association Beagles of Burgundy<\/figcaption><\/figure>\n\n\n\n<figure class=\"wp-block-image size-large\"><a href=\"http:\/\/lycee-nisard.fr\/wp-content\/uploads\/2024\/02\/Groupe-1-scaled.jpg\"><img loading=\"lazy\" decoding=\"async\" width=\"1024\" height=\"576\" data-id=\"5925\" src=\"http:\/\/lycee-nisard.fr\/wp-content\/uploads\/2024\/02\/Groupe-1-1024x576.jpg\" alt=\"\" class=\"wp-image-5925\" srcset=\"http:\/\/lycee-nisard.fr\/wp-content\/uploads\/2024\/02\/Groupe-1-1024x576.jpg 1024w, http:\/\/lycee-nisard.fr\/wp-content\/uploads\/2024\/02\/Groupe-1-300x169.jpg 300w, http:\/\/lycee-nisard.fr\/wp-content\/uploads\/2024\/02\/Groupe-1-768x432.jpg 768w, http:\/\/lycee-nisard.fr\/wp-content\/uploads\/2024\/02\/Groupe-1-1536x864.jpg 1536w, http:\/\/lycee-nisard.fr\/wp-content\/uploads\/2024\/02\/Groupe-1-2048x1152.jpg 2048w\" sizes=\"(max-width: 1024px) 100vw, 1024px\" \/><\/a><figcaption class=\"wp-element-caption\">Les apprentis journalistes<\/figcaption><\/figure>\n\n\n\n<figure class=\"wp-block-image size-large\"><a href=\"http:\/\/lycee-nisard.fr\/wp-content\/uploads\/2024\/06\/Laura-scaled.jpg\"><img loading=\"lazy\" decoding=\"async\" width=\"1024\" height=\"576\" data-id=\"6381\" src=\"http:\/\/lycee-nisard.fr\/wp-content\/uploads\/2024\/06\/Laura-1024x576.jpg\" alt=\"\" class=\"wp-image-6381\" srcset=\"http:\/\/lycee-nisard.fr\/wp-content\/uploads\/2024\/06\/Laura-1024x576.jpg 1024w, http:\/\/lycee-nisard.fr\/wp-content\/uploads\/2024\/06\/Laura-300x169.jpg 300w, http:\/\/lycee-nisard.fr\/wp-content\/uploads\/2024\/06\/Laura-768x432.jpg 768w, http:\/\/lycee-nisard.fr\/wp-content\/uploads\/2024\/06\/Laura-1536x864.jpg 1536w, http:\/\/lycee-nisard.fr\/wp-content\/uploads\/2024\/06\/Laura-2048x1152.jpg 2048w\" sizes=\"(max-width: 1024px) 100vw, 1024px\" \/><\/a><figcaption class=\"wp-element-caption\">Laura Mahieu<\/figcaption><\/figure>\n\n\n\n<figure class=\"wp-block-image size-large\"><a href=\"http:\/\/lycee-nisard.fr\/wp-content\/uploads\/2024\/06\/RugbyF2-scaled.jpg\"><img loading=\"lazy\" decoding=\"async\" width=\"1024\" height=\"576\" data-id=\"6382\" src=\"http:\/\/lycee-nisard.fr\/wp-content\/uploads\/2024\/06\/RugbyF2-1024x576.jpg\" alt=\"\" class=\"wp-image-6382\" srcset=\"http:\/\/lycee-nisard.fr\/wp-content\/uploads\/2024\/06\/RugbyF2-1024x576.jpg 1024w, http:\/\/lycee-nisard.fr\/wp-content\/uploads\/2024\/06\/RugbyF2-300x169.jpg 300w, http:\/\/lycee-nisard.fr\/wp-content\/uploads\/2024\/06\/RugbyF2-768x432.jpg 768w, http:\/\/lycee-nisard.fr\/wp-content\/uploads\/2024\/06\/RugbyF2-1536x864.jpg 1536w, http:\/\/lycee-nisard.fr\/wp-content\/uploads\/2024\/06\/RugbyF2-2048x1152.jpg 2048w\" sizes=\"(max-width: 1024px) 100vw, 1024px\" \/><\/a><\/figure>\n\n\n\n<figure class=\"wp-block-image size-large\"><a href=\"http:\/\/lycee-nisard.fr\/wp-content\/uploads\/2024\/06\/RugbyF-scaled.jpg\"><img loading=\"lazy\" decoding=\"async\" width=\"1024\" height=\"576\" data-id=\"6383\" src=\"http:\/\/lycee-nisard.fr\/wp-content\/uploads\/2024\/06\/RugbyF-1024x576.jpg\" alt=\"\" class=\"wp-image-6383\" srcset=\"http:\/\/lycee-nisard.fr\/wp-content\/uploads\/2024\/06\/RugbyF-1024x576.jpg 1024w, http:\/\/lycee-nisard.fr\/wp-content\/uploads\/2024\/06\/RugbyF-300x169.jpg 300w, http:\/\/lycee-nisard.fr\/wp-content\/uploads\/2024\/06\/RugbyF-768x432.jpg 768w, http:\/\/lycee-nisard.fr\/wp-content\/uploads\/2024\/06\/RugbyF-1536x864.jpg 1536w, http:\/\/lycee-nisard.fr\/wp-content\/uploads\/2024\/06\/RugbyF-2048x1152.jpg 2048w\" sizes=\"(max-width: 1024px) 100vw, 1024px\" \/><\/a><\/figure>\n\n\n\n<figure class=\"wp-block-image size-large\"><a href=\"http:\/\/lycee-nisard.fr\/wp-content\/uploads\/2024\/06\/PlanninFamilial-scaled.jpg\"><img loading=\"lazy\" decoding=\"async\" width=\"1024\" height=\"576\" data-id=\"6384\" src=\"http:\/\/lycee-nisard.fr\/wp-content\/uploads\/2024\/06\/PlanninFamilial-1024x576.jpg\" alt=\"\" class=\"wp-image-6384\" srcset=\"http:\/\/lycee-nisard.fr\/wp-content\/uploads\/2024\/06\/PlanninFamilial-1024x576.jpg 1024w, http:\/\/lycee-nisard.fr\/wp-content\/uploads\/2024\/06\/PlanninFamilial-300x169.jpg 300w, http:\/\/lycee-nisard.fr\/wp-content\/uploads\/2024\/06\/PlanninFamilial-768x432.jpg 768w, http:\/\/lycee-nisard.fr\/wp-content\/uploads\/2024\/06\/PlanninFamilial-1536x864.jpg 1536w, http:\/\/lycee-nisard.fr\/wp-content\/uploads\/2024\/06\/PlanninFamilial-2048x1152.jpg 2048w\" sizes=\"(max-width: 1024px) 100vw, 1024px\" \/><\/a><\/figure>\n<\/figure>\n","protected":false},"excerpt":{"rendered":"<p>L&rsquo;\u00e9mission enregistr\u00e9e dans les conditions du direct \u00e0 France Bleu Bourgogne le 5 juin avec les \u00e9l\u00e8ves de 1re HGGSP et les \u00e9tudiants du master 2 Journalisme de l&rsquo;Ub de Dijon est diffus\u00e9e le dimanche 30 juin de 9h \u00e0 10h. Emission \u00e0 r\u00e9\u00e9couter ICI Retrouvez les reportages, interviews, chroniques et r\u00e9actions des \u00e9l\u00e8ves au &hellip; <a href=\"http:\/\/lycee-nisard.fr\/?p=6379\" class=\"more-link\">Continuer la lecture de <span class=\"screen-reader-text\">Rendez-vous sur France Bleu Bourgogne le 30 juin de 9h \u00e0 10h<\/span>  <span class=\"meta-nav\">&rarr;<\/span><\/a><\/p>\n","protected":false},"author":1,"featured_media":6386,"comment_status":"open","ping_status":"open","sticky":false,"template":"","format":"standard","meta":{"saved_in_kubio":false,"footnotes":""},"categories":[35],"tags":[],"class_list":["post-6379","post","type-post","status-publish","format-standard","has-post-thumbnail","hentry","category-annee-2023-2024"],"_links":{"self":[{"href":"http:\/\/lycee-nisard.fr\/index.php?rest_route=\/wp\/v2\/posts\/6379","targetHints":{"allow":["GET"]}}],"collection":[{"href":"http:\/\/lycee-nisard.fr\/index.php?rest_route=\/wp\/v2\/posts"}],"about":[{"href":"http:\/\/lycee-nisard.fr\/index.php?rest_route=\/wp\/v2\/types\/post"}],"author":[{"embeddable":true,"href":"http:\/\/lycee-nisard.fr\/index.php?rest_route=\/wp\/v2\/users\/1"}],"replies":[{"embeddable":true,"href":"http:\/\/lycee-nisard.fr\/index.php?rest_route=%2Fwp%2Fv2%2Fcomments&post=6379"}],"version-history":[{"count":2,"href":"http:\/\/lycee-nisard.fr\/index.php?rest_route=\/wp\/v2\/posts\/6379\/revisions"}],"predecessor-version":[{"id":6398,"href":"http:\/\/lycee-nisard.fr\/index.php?rest_route=\/wp\/v2\/posts\/6379\/revisions\/6398"}],"wp:featuredmedia":[{"embeddable":true,"href":"http:\/\/lycee-nisard.fr\/index.php?rest_route=\/wp\/v2\/media\/6386"}],"wp:attachment":[{"href":"http:\/\/lycee-nisard.fr\/index.php?rest_route=%2Fwp%2Fv2%2Fmedia&parent=6379"}],"wp:term":[{"taxonomy":"category","embeddable":true,"href":"http:\/\/lycee-nisard.fr\/index.php?rest_route=%2Fwp%2Fv2%2Fcategories&post=6379"},{"taxonomy":"post_tag","embeddable":true,"href":"http:\/\/lycee-nisard.fr\/index.php?rest_route=%2Fwp%2Fv2%2Ftags&post=6379"}],"curies":[{"name":"wp","href":"https:\/\/api.w.org\/{rel}","templated":true}]}}