{"id":5902,"date":"2024-02-15T12:38:25","date_gmt":"2024-02-15T11:38:25","guid":{"rendered":"http:\/\/lycee-nisard.fr\/?p=5902"},"modified":"2025-06-27T12:33:20","modified_gmt":"2025-06-27T11:33:20","slug":"le-carnaval-du-lycee","status":"publish","type":"post","link":"http:\/\/lycee-nisard.fr\/?p=5902","title":{"rendered":"Le carnaval du Lyc\u00e9e"},"content":{"rendered":"\n<p><strong>Le mardi 13 f\u00e9vrier a eu lieu la premi\u00e8re \u00e9dition du carnaval du lyc\u00e9e D\u00e9sir\u00e9 Nisard<\/strong> !<br><strong>Une belle initiative des \u00e9l\u00e8ves de T Pro Animation dans le cadre du cours d&rsquo;espagnol encadr\u00e9 par Mme Bertrand.<\/strong><\/p>\n\n\n\n<figure class=\"wp-block-embed is-type-video is-provider-youtube wp-block-embed-youtube wp-embed-aspect-16-9 wp-has-aspect-ratio\"><div class=\"wp-block-embed__wrapper\">\n<iframe loading=\"lazy\" title=\"L&#039;ensemble des carnavaliers\" width=\"474\" height=\"267\" src=\"https:\/\/www.youtube.com\/embed\/mvWlaBph7n0?feature=oembed\" frameborder=\"0\" allow=\"accelerometer; autoplay; clipboard-write; encrypted-media; gyroscope; picture-in-picture; web-share\" referrerpolicy=\"strict-origin-when-cross-origin\" allowfullscreen><\/iframe>\n<\/div><\/figure>\n\n\n\n<p><strong>Gr\u00e2ce \u00e0 leur investissement dans la d\u00e9coration et l&rsquo;animation  de cet \u00e9v\u00e9nement, tout le lyc\u00e9e a pass\u00e9 un bon moment lors de la r\u00e9cr\u00e9ation du matin rallong\u00e9e !<\/strong><\/p>\n\n\n\n<p>Voici quelques vid\u00e9os du d\u00e9fil\u00e9 qui a donn\u00e9 lieu \u00e0 l&rsquo;\u00e9lection du meilleur d\u00e9guisement de carnaval&#8230;<\/p>\n\n\n\n<figure class=\"wp-block-embed is-type-video is-provider-youtube wp-block-embed-youtube wp-embed-aspect-16-9 wp-has-aspect-ratio\"><div class=\"wp-block-embed__wrapper\">\n<iframe loading=\"lazy\" title=\"D\u00e9fil\u00e9 1\" width=\"474\" height=\"267\" src=\"https:\/\/www.youtube.com\/embed\/0ouatDaeGQY?feature=oembed\" frameborder=\"0\" allow=\"accelerometer; autoplay; clipboard-write; encrypted-media; gyroscope; picture-in-picture; web-share\" referrerpolicy=\"strict-origin-when-cross-origin\" allowfullscreen><\/iframe>\n<\/div><\/figure>\n\n\n\n<figure class=\"wp-block-embed is-type-video is-provider-youtube wp-block-embed-youtube wp-embed-aspect-16-9 wp-has-aspect-ratio\"><div class=\"wp-block-embed__wrapper\">\n<iframe loading=\"lazy\" title=\"D\u00e9fil\u00e9 2\" width=\"474\" height=\"267\" src=\"https:\/\/www.youtube.com\/embed\/8pDy6jB2ukA?feature=oembed\" frameborder=\"0\" allow=\"accelerometer; autoplay; clipboard-write; encrypted-media; gyroscope; picture-in-picture; web-share\" referrerpolicy=\"strict-origin-when-cross-origin\" allowfullscreen><\/iframe>\n<\/div><\/figure>\n\n\n\n<figure class=\"wp-block-embed is-type-video is-provider-youtube wp-block-embed-youtube wp-embed-aspect-16-9 wp-has-aspect-ratio\"><div class=\"wp-block-embed__wrapper\">\n<iframe loading=\"lazy\" title=\"D\u00e9fil\u00e9 3\" width=\"474\" height=\"267\" src=\"https:\/\/www.youtube.com\/embed\/bD8G0SS-Xo4?feature=oembed\" frameborder=\"0\" allow=\"accelerometer; autoplay; clipboard-write; encrypted-media; gyroscope; picture-in-picture; web-share\" referrerpolicy=\"strict-origin-when-cross-origin\" allowfullscreen><\/iframe>\n<\/div><\/figure>\n\n\n\n<figure class=\"wp-block-embed is-type-video is-provider-youtube wp-block-embed-youtube wp-embed-aspect-16-9 wp-has-aspect-ratio\"><div class=\"wp-block-embed__wrapper\">\n<iframe loading=\"lazy\" title=\"D\u00e9fil\u00e9 4\" width=\"474\" height=\"267\" src=\"https:\/\/www.youtube.com\/embed\/omrjW56XCAw?feature=oembed\" frameborder=\"0\" allow=\"accelerometer; autoplay; clipboard-write; encrypted-media; gyroscope; picture-in-picture; web-share\" referrerpolicy=\"strict-origin-when-cross-origin\" allowfullscreen><\/iframe>\n<\/div><\/figure>\n\n\n\n<figure class=\"wp-block-embed is-type-video is-provider-youtube wp-block-embed-youtube wp-embed-aspect-16-9 wp-has-aspect-ratio\"><div class=\"wp-block-embed__wrapper\">\n<iframe loading=\"lazy\" title=\"D\u00e9fil\u00e9 5\" width=\"474\" height=\"267\" src=\"https:\/\/www.youtube.com\/embed\/ar1ffqD2aVo?feature=oembed\" frameborder=\"0\" allow=\"accelerometer; autoplay; clipboard-write; encrypted-media; gyroscope; picture-in-picture; web-share\" referrerpolicy=\"strict-origin-when-cross-origin\" allowfullscreen><\/iframe>\n<\/div><\/figure>\n\n\n\n<p>Et pour finir, la danse du kuduro&#8230;<\/p>\n\n\n\n<figure class=\"wp-block-embed is-type-video is-provider-youtube wp-block-embed-youtube wp-embed-aspect-16-9 wp-has-aspect-ratio\"><div class=\"wp-block-embed__wrapper\">\n<iframe loading=\"lazy\" title=\"Danse du Kuduro\" width=\"474\" height=\"267\" src=\"https:\/\/www.youtube.com\/embed\/ZEQLt_7ZF6k?feature=oembed\" frameborder=\"0\" allow=\"accelerometer; autoplay; clipboard-write; encrypted-media; gyroscope; picture-in-picture; web-share\" referrerpolicy=\"strict-origin-when-cross-origin\" allowfullscreen><\/iframe>\n<\/div><\/figure>\n\n\n\n<p><strong>Merci \u00e0 la vie scolaire pour la confection des cr\u00eapes, que chacun a su appr\u00e9cier !<\/strong><\/p>\n\n\n\n<p>&#8230; Et quelques photos pour compl\u00e9ter les vid\u00e9os !<\/p>\n\n\n\n<figure class=\"wp-block-image size-large\"><a href=\"http:\/\/lycee-nisard.fr\/wp-content\/uploads\/2024\/02\/IMG_0238-2-scaled.jpg\"><img loading=\"lazy\" decoding=\"async\" width=\"1024\" height=\"683\" src=\"http:\/\/lycee-nisard.fr\/wp-content\/uploads\/2024\/02\/IMG_0238-2-1024x683.jpg\" alt=\"\" class=\"wp-image-5922\" srcset=\"http:\/\/lycee-nisard.fr\/wp-content\/uploads\/2024\/02\/IMG_0238-2-1024x683.jpg 1024w, http:\/\/lycee-nisard.fr\/wp-content\/uploads\/2024\/02\/IMG_0238-2-300x200.jpg 300w, http:\/\/lycee-nisard.fr\/wp-content\/uploads\/2024\/02\/IMG_0238-2-768x512.jpg 768w, http:\/\/lycee-nisard.fr\/wp-content\/uploads\/2024\/02\/IMG_0238-2-1536x1024.jpg 1536w, http:\/\/lycee-nisard.fr\/wp-content\/uploads\/2024\/02\/IMG_0238-2-2048x1365.jpg 2048w\" sizes=\"(max-width: 1024px) 100vw, 1024px\" \/><\/a><\/figure>\n\n\n\n<figure class=\"wp-block-image size-large\"><a href=\"http:\/\/lycee-nisard.fr\/wp-content\/uploads\/2024\/02\/IMG_0069-2-scaled.jpg\"><img loading=\"lazy\" decoding=\"async\" width=\"1024\" height=\"683\" src=\"http:\/\/lycee-nisard.fr\/wp-content\/uploads\/2024\/02\/IMG_0069-2-1024x683.jpg\" alt=\"\" class=\"wp-image-5918\" srcset=\"http:\/\/lycee-nisard.fr\/wp-content\/uploads\/2024\/02\/IMG_0069-2-1024x683.jpg 1024w, http:\/\/lycee-nisard.fr\/wp-content\/uploads\/2024\/02\/IMG_0069-2-300x200.jpg 300w, http:\/\/lycee-nisard.fr\/wp-content\/uploads\/2024\/02\/IMG_0069-2-768x512.jpg 768w, http:\/\/lycee-nisard.fr\/wp-content\/uploads\/2024\/02\/IMG_0069-2-1536x1024.jpg 1536w, http:\/\/lycee-nisard.fr\/wp-content\/uploads\/2024\/02\/IMG_0069-2-2048x1365.jpg 2048w\" sizes=\"(max-width: 1024px) 100vw, 1024px\" \/><\/a><\/figure>\n\n\n\n<figure class=\"wp-block-image size-large\"><a href=\"http:\/\/lycee-nisard.fr\/wp-content\/uploads\/2024\/02\/IMG_0140-2-scaled.jpg\"><img loading=\"lazy\" decoding=\"async\" width=\"1024\" height=\"683\" src=\"http:\/\/lycee-nisard.fr\/wp-content\/uploads\/2024\/02\/IMG_0140-2-1024x683.jpg\" alt=\"\" class=\"wp-image-5917\" srcset=\"http:\/\/lycee-nisard.fr\/wp-content\/uploads\/2024\/02\/IMG_0140-2-1024x683.jpg 1024w, http:\/\/lycee-nisard.fr\/wp-content\/uploads\/2024\/02\/IMG_0140-2-300x200.jpg 300w, http:\/\/lycee-nisard.fr\/wp-content\/uploads\/2024\/02\/IMG_0140-2-768x512.jpg 768w, http:\/\/lycee-nisard.fr\/wp-content\/uploads\/2024\/02\/IMG_0140-2-1536x1024.jpg 1536w, http:\/\/lycee-nisard.fr\/wp-content\/uploads\/2024\/02\/IMG_0140-2-2048x1366.jpg 2048w\" sizes=\"(max-width: 1024px) 100vw, 1024px\" \/><\/a><\/figure>\n\n\n\n<figure class=\"wp-block-image size-large\"><a href=\"http:\/\/lycee-nisard.fr\/wp-content\/uploads\/2024\/02\/IMG_0120-2-1-scaled.jpg\"><img loading=\"lazy\" decoding=\"async\" width=\"1024\" height=\"683\" src=\"http:\/\/lycee-nisard.fr\/wp-content\/uploads\/2024\/02\/IMG_0120-2-1-1024x683.jpg\" alt=\"\" class=\"wp-image-5916\" srcset=\"http:\/\/lycee-nisard.fr\/wp-content\/uploads\/2024\/02\/IMG_0120-2-1-1024x683.jpg 1024w, http:\/\/lycee-nisard.fr\/wp-content\/uploads\/2024\/02\/IMG_0120-2-1-300x200.jpg 300w, http:\/\/lycee-nisard.fr\/wp-content\/uploads\/2024\/02\/IMG_0120-2-1-768x512.jpg 768w, http:\/\/lycee-nisard.fr\/wp-content\/uploads\/2024\/02\/IMG_0120-2-1-1536x1024.jpg 1536w, http:\/\/lycee-nisard.fr\/wp-content\/uploads\/2024\/02\/IMG_0120-2-1-2048x1365.jpg 2048w\" sizes=\"(max-width: 1024px) 100vw, 1024px\" \/><\/a><\/figure>\n\n\n\n<figure class=\"wp-block-image size-large\"><a href=\"http:\/\/lycee-nisard.fr\/wp-content\/uploads\/2024\/02\/IMG_0220-2-scaled.jpg\"><img loading=\"lazy\" decoding=\"async\" width=\"1024\" height=\"683\" src=\"http:\/\/lycee-nisard.fr\/wp-content\/uploads\/2024\/02\/IMG_0220-2-1024x683.jpg\" alt=\"\" class=\"wp-image-5920\" srcset=\"http:\/\/lycee-nisard.fr\/wp-content\/uploads\/2024\/02\/IMG_0220-2-1024x683.jpg 1024w, http:\/\/lycee-nisard.fr\/wp-content\/uploads\/2024\/02\/IMG_0220-2-300x200.jpg 300w, http:\/\/lycee-nisard.fr\/wp-content\/uploads\/2024\/02\/IMG_0220-2-768x512.jpg 768w, http:\/\/lycee-nisard.fr\/wp-content\/uploads\/2024\/02\/IMG_0220-2-1536x1024.jpg 1536w, http:\/\/lycee-nisard.fr\/wp-content\/uploads\/2024\/02\/IMG_0220-2-2048x1365.jpg 2048w\" sizes=\"(max-width: 1024px) 100vw, 1024px\" \/><\/a><\/figure>\n\n\n\n<figure class=\"wp-block-image size-large\"><a href=\"http:\/\/lycee-nisard.fr\/wp-content\/uploads\/2024\/02\/IMG_0226-2-scaled.jpg\"><img loading=\"lazy\" decoding=\"async\" width=\"1024\" height=\"683\" src=\"http:\/\/lycee-nisard.fr\/wp-content\/uploads\/2024\/02\/IMG_0226-2-1024x683.jpg\" alt=\"\" class=\"wp-image-5921\" srcset=\"http:\/\/lycee-nisard.fr\/wp-content\/uploads\/2024\/02\/IMG_0226-2-1024x683.jpg 1024w, http:\/\/lycee-nisard.fr\/wp-content\/uploads\/2024\/02\/IMG_0226-2-300x200.jpg 300w, http:\/\/lycee-nisard.fr\/wp-content\/uploads\/2024\/02\/IMG_0226-2-768x512.jpg 768w, http:\/\/lycee-nisard.fr\/wp-content\/uploads\/2024\/02\/IMG_0226-2-1536x1024.jpg 1536w, http:\/\/lycee-nisard.fr\/wp-content\/uploads\/2024\/02\/IMG_0226-2-2048x1365.jpg 2048w\" sizes=\"(max-width: 1024px) 100vw, 1024px\" \/><\/a><\/figure>\n\n\n\n<figure class=\"wp-block-image size-large\"><a href=\"http:\/\/lycee-nisard.fr\/wp-content\/uploads\/2024\/02\/IMG_0194-2-scaled.jpg\"><img loading=\"lazy\" decoding=\"async\" width=\"1024\" height=\"683\" src=\"http:\/\/lycee-nisard.fr\/wp-content\/uploads\/2024\/02\/IMG_0194-2-1024x683.jpg\" alt=\"\" class=\"wp-image-5919\" srcset=\"http:\/\/lycee-nisard.fr\/wp-content\/uploads\/2024\/02\/IMG_0194-2-1024x683.jpg 1024w, http:\/\/lycee-nisard.fr\/wp-content\/uploads\/2024\/02\/IMG_0194-2-300x200.jpg 300w, http:\/\/lycee-nisard.fr\/wp-content\/uploads\/2024\/02\/IMG_0194-2-768x512.jpg 768w, http:\/\/lycee-nisard.fr\/wp-content\/uploads\/2024\/02\/IMG_0194-2-1536x1024.jpg 1536w, http:\/\/lycee-nisard.fr\/wp-content\/uploads\/2024\/02\/IMG_0194-2-2048x1365.jpg 2048w\" sizes=\"(max-width: 1024px) 100vw, 1024px\" \/><\/a><\/figure>\n\n\n\n<figure class=\"wp-block-image size-large\"><a href=\"http:\/\/lycee-nisard.fr\/wp-content\/uploads\/2024\/02\/IMG_0061-2-scaled.jpg\"><img loading=\"lazy\" decoding=\"async\" width=\"1024\" height=\"683\" src=\"http:\/\/lycee-nisard.fr\/wp-content\/uploads\/2024\/02\/IMG_0061-2-1024x683.jpg\" alt=\"\" class=\"wp-image-5913\" srcset=\"http:\/\/lycee-nisard.fr\/wp-content\/uploads\/2024\/02\/IMG_0061-2-1024x683.jpg 1024w, http:\/\/lycee-nisard.fr\/wp-content\/uploads\/2024\/02\/IMG_0061-2-300x200.jpg 300w, http:\/\/lycee-nisard.fr\/wp-content\/uploads\/2024\/02\/IMG_0061-2-768x512.jpg 768w, http:\/\/lycee-nisard.fr\/wp-content\/uploads\/2024\/02\/IMG_0061-2-1536x1024.jpg 1536w, http:\/\/lycee-nisard.fr\/wp-content\/uploads\/2024\/02\/IMG_0061-2-2048x1365.jpg 2048w\" sizes=\"(max-width: 1024px) 100vw, 1024px\" \/><\/a><\/figure>\n","protected":false},"excerpt":{"rendered":"<p>Le mardi 13 f\u00e9vrier a eu lieu la premi\u00e8re \u00e9dition du carnaval du lyc\u00e9e D\u00e9sir\u00e9 Nisard !Une belle initiative des \u00e9l\u00e8ves de T Pro Animation dans le cadre du cours d&rsquo;espagnol encadr\u00e9 par Mme Bertrand. Gr\u00e2ce \u00e0 leur investissement dans la d\u00e9coration et l&rsquo;animation de cet \u00e9v\u00e9nement, tout le lyc\u00e9e a pass\u00e9 un bon moment &hellip; <a href=\"http:\/\/lycee-nisard.fr\/?p=5902\" class=\"more-link\">Continuer la lecture de <span class=\"screen-reader-text\">Le carnaval du Lyc\u00e9e<\/span>  <span class=\"meta-nav\">&rarr;<\/span><\/a><\/p>\n","protected":false},"author":1,"featured_media":5903,"comment_status":"open","ping_status":"open","sticky":false,"template":"","format":"standard","meta":{"saved_in_kubio":false,"footnotes":""},"categories":[35],"tags":[],"class_list":["post-5902","post","type-post","status-publish","format-standard","has-post-thumbnail","hentry","category-annee-2023-2024"],"_links":{"self":[{"href":"http:\/\/lycee-nisard.fr\/index.php?rest_route=\/wp\/v2\/posts\/5902","targetHints":{"allow":["GET"]}}],"collection":[{"href":"http:\/\/lycee-nisard.fr\/index.php?rest_route=\/wp\/v2\/posts"}],"about":[{"href":"http:\/\/lycee-nisard.fr\/index.php?rest_route=\/wp\/v2\/types\/post"}],"author":[{"embeddable":true,"href":"http:\/\/lycee-nisard.fr\/index.php?rest_route=\/wp\/v2\/users\/1"}],"replies":[{"embeddable":true,"href":"http:\/\/lycee-nisard.fr\/index.php?rest_route=%2Fwp%2Fv2%2Fcomments&post=5902"}],"version-history":[{"count":3,"href":"http:\/\/lycee-nisard.fr\/index.php?rest_route=\/wp\/v2\/posts\/5902\/revisions"}],"predecessor-version":[{"id":5924,"href":"http:\/\/lycee-nisard.fr\/index.php?rest_route=\/wp\/v2\/posts\/5902\/revisions\/5924"}],"wp:featuredmedia":[{"embeddable":true,"href":"http:\/\/lycee-nisard.fr\/index.php?rest_route=\/wp\/v2\/media\/5903"}],"wp:attachment":[{"href":"http:\/\/lycee-nisard.fr\/index.php?rest_route=%2Fwp%2Fv2%2Fmedia&parent=5902"}],"wp:term":[{"taxonomy":"category","embeddable":true,"href":"http:\/\/lycee-nisard.fr\/index.php?rest_route=%2Fwp%2Fv2%2Fcategories&post=5902"},{"taxonomy":"post_tag","embeddable":true,"href":"http:\/\/lycee-nisard.fr\/index.php?rest_route=%2Fwp%2Fv2%2Ftags&post=5902"}],"curies":[{"name":"wp","href":"https:\/\/api.w.org\/{rel}","templated":true}]}}