{"id":5889,"date":"2024-02-08T16:21:42","date_gmt":"2024-02-08T15:21:42","guid":{"rendered":"http:\/\/lycee-nisard.fr\/?p=5889"},"modified":"2025-06-27T12:33:20","modified_gmt":"2025-06-27T11:33:20","slug":"semaine-theatrale-au-ldn-venez-les-applaudir","status":"publish","type":"post","link":"http:\/\/lycee-nisard.fr\/?p=5889","title":{"rendered":"Semaine Th\u00e9\u00e2trale au LDN ! Venez les applaudir !"},"content":{"rendered":"\n<p><strong>Cette ann\u00e9e encore une vingtaine d&rsquo;\u00e9l\u00e8ves du coll\u00e8ge et du lyc\u00e9e ont travaill\u00e9 tous les mercredis&nbsp;autour d&rsquo;un projet th\u00e9\u00e2tral commun.<\/strong><\/p>\n\n\n\n<p>Voici venu le temps des repr\u00e9sentations les 15, 16 et 17 f\u00e9vrier \u00e0 20h. Comme chaque ann\u00e9e, le travail des jeunes com\u00e9diens est bluffant !<\/p>\n\n\n\n<p>S&rsquo;il reste encore des places, d\u00e9p\u00eachez-vous de les r\u00e9server aupr\u00e8s de l&rsquo;office de tourisme de Ch\u00e2tillon (03.80.91.13.19) ! <br>Vous avez la garantie de passer un moment de d\u00e9tente, plein d&rsquo;humour et d&rsquo;\u00e9clats de rire !<\/p>\n\n\n\n<figure class=\"wp-block-image size-large is-style-default\"><a href=\"http:\/\/lycee-nisard.fr\/wp-content\/uploads\/2024\/02\/Salut-scaled.jpg\"><img loading=\"lazy\" decoding=\"async\" width=\"1024\" height=\"532\" src=\"http:\/\/lycee-nisard.fr\/wp-content\/uploads\/2024\/02\/Salut-1024x532.jpg\" alt=\"\" class=\"wp-image-5934\" srcset=\"http:\/\/lycee-nisard.fr\/wp-content\/uploads\/2024\/02\/Salut-1024x532.jpg 1024w, http:\/\/lycee-nisard.fr\/wp-content\/uploads\/2024\/02\/Salut-300x156.jpg 300w, http:\/\/lycee-nisard.fr\/wp-content\/uploads\/2024\/02\/Salut-768x399.jpg 768w, http:\/\/lycee-nisard.fr\/wp-content\/uploads\/2024\/02\/Salut-1536x798.jpg 1536w, http:\/\/lycee-nisard.fr\/wp-content\/uploads\/2024\/02\/Salut-2048x1064.jpg 2048w\" sizes=\"(max-width: 1024px) 100vw, 1024px\" \/><\/a><\/figure>\n\n\n\n<p>Le spectacle est gratuit.<\/p>\n\n\n\n<p>Merci !<\/p>\n\n\n<div class=\"wp-block-image\">\n<figure class=\"aligncenter size-full\"><a href=\"http:\/\/lycee-nisard.fr\/wp-content\/uploads\/2024\/02\/Affiche.png\"><img loading=\"lazy\" decoding=\"async\" width=\"648\" height=\"916\" src=\"http:\/\/lycee-nisard.fr\/wp-content\/uploads\/2024\/02\/Affiche.png\" alt=\"\" class=\"wp-image-5892\" srcset=\"http:\/\/lycee-nisard.fr\/wp-content\/uploads\/2024\/02\/Affiche.png 648w, http:\/\/lycee-nisard.fr\/wp-content\/uploads\/2024\/02\/Affiche-212x300.png 212w\" sizes=\"(max-width: 648px) 100vw, 648px\" \/><\/a><\/figure>\n<\/div>","protected":false},"excerpt":{"rendered":"<p>Cette ann\u00e9e encore une vingtaine d&rsquo;\u00e9l\u00e8ves du coll\u00e8ge et du lyc\u00e9e ont travaill\u00e9 tous les mercredis&nbsp;autour d&rsquo;un projet th\u00e9\u00e2tral commun. Voici venu le temps des repr\u00e9sentations les 15, 16 et 17 f\u00e9vrier \u00e0 20h. Comme chaque ann\u00e9e, le travail des jeunes com\u00e9diens est bluffant ! S&rsquo;il reste encore des places, d\u00e9p\u00eachez-vous de les r\u00e9server aupr\u00e8s &hellip; <a href=\"http:\/\/lycee-nisard.fr\/?p=5889\" class=\"more-link\">Continuer la lecture de <span class=\"screen-reader-text\">Semaine Th\u00e9\u00e2trale au LDN ! Venez les applaudir !<\/span>  <span class=\"meta-nav\">&rarr;<\/span><\/a><\/p>\n","protected":false},"author":1,"featured_media":5891,"comment_status":"open","ping_status":"open","sticky":false,"template":"","format":"standard","meta":{"saved_in_kubio":false,"footnotes":""},"categories":[35],"tags":[],"class_list":["post-5889","post","type-post","status-publish","format-standard","has-post-thumbnail","hentry","category-annee-2023-2024"],"_links":{"self":[{"href":"http:\/\/lycee-nisard.fr\/index.php?rest_route=\/wp\/v2\/posts\/5889","targetHints":{"allow":["GET"]}}],"collection":[{"href":"http:\/\/lycee-nisard.fr\/index.php?rest_route=\/wp\/v2\/posts"}],"about":[{"href":"http:\/\/lycee-nisard.fr\/index.php?rest_route=\/wp\/v2\/types\/post"}],"author":[{"embeddable":true,"href":"http:\/\/lycee-nisard.fr\/index.php?rest_route=\/wp\/v2\/users\/1"}],"replies":[{"embeddable":true,"href":"http:\/\/lycee-nisard.fr\/index.php?rest_route=%2Fwp%2Fv2%2Fcomments&post=5889"}],"version-history":[{"count":2,"href":"http:\/\/lycee-nisard.fr\/index.php?rest_route=\/wp\/v2\/posts\/5889\/revisions"}],"predecessor-version":[{"id":5935,"href":"http:\/\/lycee-nisard.fr\/index.php?rest_route=\/wp\/v2\/posts\/5889\/revisions\/5935"}],"wp:featuredmedia":[{"embeddable":true,"href":"http:\/\/lycee-nisard.fr\/index.php?rest_route=\/wp\/v2\/media\/5891"}],"wp:attachment":[{"href":"http:\/\/lycee-nisard.fr\/index.php?rest_route=%2Fwp%2Fv2%2Fmedia&parent=5889"}],"wp:term":[{"taxonomy":"category","embeddable":true,"href":"http:\/\/lycee-nisard.fr\/index.php?rest_route=%2Fwp%2Fv2%2Fcategories&post=5889"},{"taxonomy":"post_tag","embeddable":true,"href":"http:\/\/lycee-nisard.fr\/index.php?rest_route=%2Fwp%2Fv2%2Ftags&post=5889"}],"curies":[{"name":"wp","href":"https:\/\/api.w.org\/{rel}","templated":true}]}}