{"id":5880,"date":"2024-02-05T09:46:36","date_gmt":"2024-02-05T08:46:36","guid":{"rendered":"http:\/\/lycee-nisard.fr\/?p=5880"},"modified":"2025-06-27T12:33:20","modified_gmt":"2025-06-27T11:33:20","slug":"concours-deloquence","status":"publish","type":"post","link":"http:\/\/lycee-nisard.fr\/?p=5880","title":{"rendered":"Concours d&rsquo;\u00e9loquence"},"content":{"rendered":"\n<p><strong>Ce jeudi 1er f\u00e9vrier, \u00e0 14h30,  cinq candidats ont particip\u00e9 \u00e0 la la 36\u00e8me \u00e9dition du concours d&rsquo;\u00e9loquence organis\u00e9 par le Lions. La citation de Bernard Clavel \u00ab\u00a0Qui n&rsquo;a jamais p\u00e9tri et enfourn\u00e9 ne conna\u00eet point ce que co\u00fbte le pain\u00a0\u00bb<\/strong>,<strong>  a servi de point de d\u00e9part \u00e0 la construction du discours de chacun<\/strong>.<strong> Cette premi\u00e8re phase visait \u00e0 s\u00e9lectionner les candidats pour la s\u00e9lection suivante du district, qui se d\u00e9roulera \u00e9galement \u00e0 Ch\u00e2tillon-sur-Seine, dans la salle des conf\u00e9rences de la mairie le samedi 9 mars. <\/strong><\/p>\n\n\n\n<p>Devant un public compos\u00e9 d&rsquo;un jury de sept jur\u00e9s et de quelques auditeurs libres, les orateurs ont g\u00e9r\u00e9 leur stress et propos\u00e9 dans des styles tr\u00e8s diff\u00e9rents une prestation orale de qualit\u00e9. Exorde, narration,  confirmation et p\u00e9roraison ont tour \u00e0 tour attir\u00e9 l&rsquo;attention de l&rsquo;auditoire et suscit\u00e9 son int\u00e9r\u00eat.<\/p>\n\n\n<div class=\"wp-block-image\">\n<figure class=\"aligncenter size-large\"><a href=\"http:\/\/lycee-nisard.fr\/wp-content\/uploads\/2024\/02\/Candidats-scaled.jpg\"><img loading=\"lazy\" decoding=\"async\" width=\"1024\" height=\"576\" src=\"http:\/\/lycee-nisard.fr\/wp-content\/uploads\/2024\/02\/Candidats-1024x576.jpg\" alt=\"\" class=\"wp-image-5882\" srcset=\"http:\/\/lycee-nisard.fr\/wp-content\/uploads\/2024\/02\/Candidats-1024x576.jpg 1024w, http:\/\/lycee-nisard.fr\/wp-content\/uploads\/2024\/02\/Candidats-300x169.jpg 300w, http:\/\/lycee-nisard.fr\/wp-content\/uploads\/2024\/02\/Candidats-768x432.jpg 768w, http:\/\/lycee-nisard.fr\/wp-content\/uploads\/2024\/02\/Candidats-1536x864.jpg 1536w, http:\/\/lycee-nisard.fr\/wp-content\/uploads\/2024\/02\/Candidats-2048x1152.jpg 2048w\" sizes=\"(max-width: 1024px) 100vw, 1024px\" \/><\/a><\/figure>\n<\/div>\n\n\n<p>Apr\u00e8s d\u00e9lib\u00e9ration du Jury, Jordan a termin\u00e9 premier, suivi par Enes puis Elisa. A saluer cette ann\u00e9e la participation d&rsquo;un \u00e9l\u00e8ve du lyc\u00e9e Saint-Vincent qui a ajout\u00e9 un peu de piment \u00e0 cette s\u00e9lection !<br><br>M. Boissieu, professeur de SES et pr\u00e9parateur en chef des candidats est fier de leur performance.  Nous les f\u00e9licitons pour le travail accompli, et souhaitons bonne chance aux heureux laur\u00e9ats pour la suite de la comp\u00e9tition !<\/p>\n","protected":false},"excerpt":{"rendered":"<p>Ce jeudi 1er f\u00e9vrier, \u00e0 14h30, cinq candidats ont particip\u00e9 \u00e0 la la 36\u00e8me \u00e9dition du concours d&rsquo;\u00e9loquence organis\u00e9 par le Lions. La citation de Bernard Clavel \u00ab\u00a0Qui n&rsquo;a jamais p\u00e9tri et enfourn\u00e9 ne conna\u00eet point ce que co\u00fbte le pain\u00a0\u00bb, a servi de point de d\u00e9part \u00e0 la construction du discours de chacun. Cette &hellip; <a href=\"http:\/\/lycee-nisard.fr\/?p=5880\" class=\"more-link\">Continuer la lecture de <span class=\"screen-reader-text\">Concours d&rsquo;\u00e9loquence<\/span>  <span class=\"meta-nav\">&rarr;<\/span><\/a><\/p>\n","protected":false},"author":1,"featured_media":5885,"comment_status":"open","ping_status":"open","sticky":false,"template":"","format":"standard","meta":{"saved_in_kubio":false,"footnotes":""},"categories":[35],"tags":[],"class_list":["post-5880","post","type-post","status-publish","format-standard","has-post-thumbnail","hentry","category-annee-2023-2024"],"_links":{"self":[{"href":"http:\/\/lycee-nisard.fr\/index.php?rest_route=\/wp\/v2\/posts\/5880","targetHints":{"allow":["GET"]}}],"collection":[{"href":"http:\/\/lycee-nisard.fr\/index.php?rest_route=\/wp\/v2\/posts"}],"about":[{"href":"http:\/\/lycee-nisard.fr\/index.php?rest_route=\/wp\/v2\/types\/post"}],"author":[{"embeddable":true,"href":"http:\/\/lycee-nisard.fr\/index.php?rest_route=\/wp\/v2\/users\/1"}],"replies":[{"embeddable":true,"href":"http:\/\/lycee-nisard.fr\/index.php?rest_route=%2Fwp%2Fv2%2Fcomments&post=5880"}],"version-history":[{"count":3,"href":"http:\/\/lycee-nisard.fr\/index.php?rest_route=\/wp\/v2\/posts\/5880\/revisions"}],"predecessor-version":[{"id":5888,"href":"http:\/\/lycee-nisard.fr\/index.php?rest_route=\/wp\/v2\/posts\/5880\/revisions\/5888"}],"wp:featuredmedia":[{"embeddable":true,"href":"http:\/\/lycee-nisard.fr\/index.php?rest_route=\/wp\/v2\/media\/5885"}],"wp:attachment":[{"href":"http:\/\/lycee-nisard.fr\/index.php?rest_route=%2Fwp%2Fv2%2Fmedia&parent=5880"}],"wp:term":[{"taxonomy":"category","embeddable":true,"href":"http:\/\/lycee-nisard.fr\/index.php?rest_route=%2Fwp%2Fv2%2Fcategories&post=5880"},{"taxonomy":"post_tag","embeddable":true,"href":"http:\/\/lycee-nisard.fr\/index.php?rest_route=%2Fwp%2Fv2%2Ftags&post=5880"}],"curies":[{"name":"wp","href":"https:\/\/api.w.org\/{rel}","templated":true}]}}