{"id":5860,"date":"2024-01-29T08:25:58","date_gmt":"2024-01-29T07:25:58","guid":{"rendered":"http:\/\/lycee-nisard.fr\/?p=5860"},"modified":"2025-06-27T12:32:53","modified_gmt":"2025-06-27T11:32:53","slug":"immersion-dans-un-parcours-citoyen-et-avenir-pour-les-conducteurs-dengins","status":"publish","type":"post","link":"http:\/\/lycee-nisard.fr\/?p=5860","title":{"rendered":"Immersion dans un parcours citoyen et avenir pour les conducteurs d&rsquo;engins"},"content":{"rendered":"\n<p><strong>Ce jeudi 25 janvier, les deux classes de conducteurs d&rsquo;engins ont re\u00e7u sur leur terrain de man\u0153uvre un d\u00e9tachement du 19 \u00e8me r\u00e9giment du g\u00e9nie de Besan\u00e7on dans le cadre des parcours citoyen et avenir. <\/strong><\/p>\n\n\n<div class=\"wp-block-image\">\n<figure class=\"aligncenter size-large\"><a href=\"http:\/\/lycee-nisard.fr\/wp-content\/uploads\/2024\/01\/WhatsApp-Image-2024-01-25-at-15.26.05.jpeg\"><img loading=\"lazy\" decoding=\"async\" width=\"1024\" height=\"768\" src=\"http:\/\/lycee-nisard.fr\/wp-content\/uploads\/2024\/01\/WhatsApp-Image-2024-01-25-at-15.26.05-1024x768.jpeg\" alt=\"\" class=\"wp-image-5863\" srcset=\"http:\/\/lycee-nisard.fr\/wp-content\/uploads\/2024\/01\/WhatsApp-Image-2024-01-25-at-15.26.05-1024x768.jpeg 1024w, http:\/\/lycee-nisard.fr\/wp-content\/uploads\/2024\/01\/WhatsApp-Image-2024-01-25-at-15.26.05-300x225.jpeg 300w, http:\/\/lycee-nisard.fr\/wp-content\/uploads\/2024\/01\/WhatsApp-Image-2024-01-25-at-15.26.05-768x576.jpeg 768w, http:\/\/lycee-nisard.fr\/wp-content\/uploads\/2024\/01\/WhatsApp-Image-2024-01-25-at-15.26.05-1536x1152.jpeg 1536w, http:\/\/lycee-nisard.fr\/wp-content\/uploads\/2024\/01\/WhatsApp-Image-2024-01-25-at-15.26.05.jpeg 1600w\" sizes=\"(max-width: 1024px) 100vw, 1024px\" \/><\/a><\/figure>\n<\/div>\n\n<div class=\"wp-block-image\">\n<figure class=\"aligncenter size-large\"><a href=\"http:\/\/lycee-nisard.fr\/wp-content\/uploads\/2024\/01\/20240125_113444-scaled.jpg\"><img loading=\"lazy\" decoding=\"async\" width=\"1024\" height=\"768\" src=\"http:\/\/lycee-nisard.fr\/wp-content\/uploads\/2024\/01\/20240125_113444-1024x768.jpg\" alt=\"\" class=\"wp-image-5868\" srcset=\"http:\/\/lycee-nisard.fr\/wp-content\/uploads\/2024\/01\/20240125_113444-1024x768.jpg 1024w, http:\/\/lycee-nisard.fr\/wp-content\/uploads\/2024\/01\/20240125_113444-300x225.jpg 300w, http:\/\/lycee-nisard.fr\/wp-content\/uploads\/2024\/01\/20240125_113444-768x576.jpg 768w, http:\/\/lycee-nisard.fr\/wp-content\/uploads\/2024\/01\/20240125_113444-1536x1152.jpg 1536w, http:\/\/lycee-nisard.fr\/wp-content\/uploads\/2024\/01\/20240125_113444-2048x1536.jpg 2048w\" sizes=\"(max-width: 1024px) 100vw, 1024px\" \/><\/a><\/figure>\n<\/div>\n\n\n<p>Apr\u00e8s avoir longuement \u00e9chang\u00e9, les \u00e9l\u00e8ves ont pu faire une d\u00e9monstration de leur savoir faire. <\/p>\n\n\n<div class=\"wp-block-image\">\n<figure class=\"aligncenter size-large\"><a href=\"http:\/\/lycee-nisard.fr\/wp-content\/uploads\/2024\/01\/20240125_114029-scaled.jpg\"><img loading=\"lazy\" decoding=\"async\" width=\"1024\" height=\"768\" src=\"http:\/\/lycee-nisard.fr\/wp-content\/uploads\/2024\/01\/20240125_114029-1024x768.jpg\" alt=\"\" class=\"wp-image-5862\" srcset=\"http:\/\/lycee-nisard.fr\/wp-content\/uploads\/2024\/01\/20240125_114029-1024x768.jpg 1024w, http:\/\/lycee-nisard.fr\/wp-content\/uploads\/2024\/01\/20240125_114029-300x225.jpg 300w, http:\/\/lycee-nisard.fr\/wp-content\/uploads\/2024\/01\/20240125_114029-768x576.jpg 768w, http:\/\/lycee-nisard.fr\/wp-content\/uploads\/2024\/01\/20240125_114029-1536x1152.jpg 1536w, http:\/\/lycee-nisard.fr\/wp-content\/uploads\/2024\/01\/20240125_114029-2048x1536.jpg 2048w\" sizes=\"(max-width: 1024px) 100vw, 1024px\" \/><\/a><\/figure>\n<\/div>\n\n<div class=\"wp-block-image\">\n<figure class=\"aligncenter size-large\"><a href=\"http:\/\/lycee-nisard.fr\/wp-content\/uploads\/2024\/01\/20240125_113611-scaled.jpg\"><img loading=\"lazy\" decoding=\"async\" width=\"1024\" height=\"768\" src=\"http:\/\/lycee-nisard.fr\/wp-content\/uploads\/2024\/01\/20240125_113611-1024x768.jpg\" alt=\"\" class=\"wp-image-5866\" srcset=\"http:\/\/lycee-nisard.fr\/wp-content\/uploads\/2024\/01\/20240125_113611-1024x768.jpg 1024w, http:\/\/lycee-nisard.fr\/wp-content\/uploads\/2024\/01\/20240125_113611-300x225.jpg 300w, http:\/\/lycee-nisard.fr\/wp-content\/uploads\/2024\/01\/20240125_113611-768x576.jpg 768w, http:\/\/lycee-nisard.fr\/wp-content\/uploads\/2024\/01\/20240125_113611-1536x1152.jpg 1536w, http:\/\/lycee-nisard.fr\/wp-content\/uploads\/2024\/01\/20240125_113611-2048x1536.jpg 2048w\" sizes=\"(max-width: 1024px) 100vw, 1024px\" \/><\/a><\/figure>\n<\/div>\n\n\n<p>Prochaine \u00e9tape: les 2 classes vont se rendre au camp de Mourmelon-le-Grand (51) fin mars-d\u00e9but avril pour d\u00e9couvrir les activit\u00e9s du r\u00e9giment.<\/p>\n\n\n<div class=\"wp-block-image\">\n<figure class=\"aligncenter size-large\"><a href=\"http:\/\/lycee-nisard.fr\/wp-content\/uploads\/2024\/01\/20240125_115626-1-scaled.jpg\"><img loading=\"lazy\" decoding=\"async\" width=\"1024\" height=\"768\" src=\"http:\/\/lycee-nisard.fr\/wp-content\/uploads\/2024\/01\/20240125_115626-1-1024x768.jpg\" alt=\"\" class=\"wp-image-5867\" srcset=\"http:\/\/lycee-nisard.fr\/wp-content\/uploads\/2024\/01\/20240125_115626-1-1024x768.jpg 1024w, http:\/\/lycee-nisard.fr\/wp-content\/uploads\/2024\/01\/20240125_115626-1-300x225.jpg 300w, http:\/\/lycee-nisard.fr\/wp-content\/uploads\/2024\/01\/20240125_115626-1-768x576.jpg 768w, http:\/\/lycee-nisard.fr\/wp-content\/uploads\/2024\/01\/20240125_115626-1-1536x1152.jpg 1536w, http:\/\/lycee-nisard.fr\/wp-content\/uploads\/2024\/01\/20240125_115626-1-2048x1536.jpg 2048w\" sizes=\"(max-width: 1024px) 100vw, 1024px\" \/><\/a><\/figure>\n<\/div>","protected":false},"excerpt":{"rendered":"<p>Ce jeudi 25 janvier, les deux classes de conducteurs d&rsquo;engins ont re\u00e7u sur leur terrain de man\u0153uvre un d\u00e9tachement du 19 \u00e8me r\u00e9giment du g\u00e9nie de Besan\u00e7on dans le cadre des parcours citoyen et avenir. Apr\u00e8s avoir longuement \u00e9chang\u00e9, les \u00e9l\u00e8ves ont pu faire une d\u00e9monstration de leur savoir faire. Prochaine \u00e9tape: les 2 classes &hellip; <a href=\"http:\/\/lycee-nisard.fr\/?p=5860\" class=\"more-link\">Continuer la lecture de <span class=\"screen-reader-text\">Immersion dans un parcours citoyen et avenir pour les conducteurs d&rsquo;engins<\/span>  <span class=\"meta-nav\">&rarr;<\/span><\/a><\/p>\n","protected":false},"author":1,"featured_media":5864,"comment_status":"open","ping_status":"open","sticky":false,"template":"","format":"standard","meta":{"saved_in_kubio":false,"footnotes":""},"categories":[35],"tags":[],"class_list":["post-5860","post","type-post","status-publish","format-standard","has-post-thumbnail","hentry","category-annee-2023-2024"],"_links":{"self":[{"href":"http:\/\/lycee-nisard.fr\/index.php?rest_route=\/wp\/v2\/posts\/5860","targetHints":{"allow":["GET"]}}],"collection":[{"href":"http:\/\/lycee-nisard.fr\/index.php?rest_route=\/wp\/v2\/posts"}],"about":[{"href":"http:\/\/lycee-nisard.fr\/index.php?rest_route=\/wp\/v2\/types\/post"}],"author":[{"embeddable":true,"href":"http:\/\/lycee-nisard.fr\/index.php?rest_route=\/wp\/v2\/users\/1"}],"replies":[{"embeddable":true,"href":"http:\/\/lycee-nisard.fr\/index.php?rest_route=%2Fwp%2Fv2%2Fcomments&post=5860"}],"version-history":[{"count":1,"href":"http:\/\/lycee-nisard.fr\/index.php?rest_route=\/wp\/v2\/posts\/5860\/revisions"}],"predecessor-version":[{"id":5869,"href":"http:\/\/lycee-nisard.fr\/index.php?rest_route=\/wp\/v2\/posts\/5860\/revisions\/5869"}],"wp:featuredmedia":[{"embeddable":true,"href":"http:\/\/lycee-nisard.fr\/index.php?rest_route=\/wp\/v2\/media\/5864"}],"wp:attachment":[{"href":"http:\/\/lycee-nisard.fr\/index.php?rest_route=%2Fwp%2Fv2%2Fmedia&parent=5860"}],"wp:term":[{"taxonomy":"category","embeddable":true,"href":"http:\/\/lycee-nisard.fr\/index.php?rest_route=%2Fwp%2Fv2%2Fcategories&post=5860"},{"taxonomy":"post_tag","embeddable":true,"href":"http:\/\/lycee-nisard.fr\/index.php?rest_route=%2Fwp%2Fv2%2Ftags&post=5860"}],"curies":[{"name":"wp","href":"https:\/\/api.w.org\/{rel}","templated":true}]}}