{"id":5850,"date":"2024-01-19T09:15:00","date_gmt":"2024-01-19T08:15:00","guid":{"rendered":"http:\/\/lycee-nisard.fr\/?p=5850"},"modified":"2025-06-27T12:32:53","modified_gmt":"2025-06-27T11:32:53","slug":"question-pour-un-eurochampion","status":"publish","type":"post","link":"http:\/\/lycee-nisard.fr\/?p=5850","title":{"rendered":"Question pour un Eurochampion !"},"content":{"rendered":"\n<p><strong>Ce jeudi 18 janvier apr\u00e8s-midi, 35 \u00e9l\u00e8ves du lyc\u00e9e (tous niveaux confondus) ont particip\u00e9 \u00e0 \u00ab\u00a0Question pour un Eurochampion\u00a0\u00bb, une intervention de la Maison de l&rsquo;Europe. Pendant une heure et demi, Fr\u00e9d\u00e9ric Bergelin a anim\u00e9 un quiz de culture g\u00e9n\u00e9rale europ\u00e9enne.\u00a0<\/strong><\/p>\n\n\n<div class=\"wp-block-image\">\n<figure class=\"aligncenter size-large\"><a href=\"http:\/\/lycee-nisard.fr\/wp-content\/uploads\/2024\/01\/IMG-6437-scaled.jpg\"><img loading=\"lazy\" decoding=\"async\" width=\"1024\" height=\"768\" src=\"http:\/\/lycee-nisard.fr\/wp-content\/uploads\/2024\/01\/IMG-6437-1024x768.jpg\" alt=\"\" class=\"wp-image-5854\" srcset=\"http:\/\/lycee-nisard.fr\/wp-content\/uploads\/2024\/01\/IMG-6437-1024x768.jpg 1024w, http:\/\/lycee-nisard.fr\/wp-content\/uploads\/2024\/01\/IMG-6437-300x225.jpg 300w, http:\/\/lycee-nisard.fr\/wp-content\/uploads\/2024\/01\/IMG-6437-768x576.jpg 768w, http:\/\/lycee-nisard.fr\/wp-content\/uploads\/2024\/01\/IMG-6437-1536x1152.jpg 1536w, http:\/\/lycee-nisard.fr\/wp-content\/uploads\/2024\/01\/IMG-6437-2048x1536.jpg 2048w\" sizes=\"(max-width: 1024px) 100vw, 1024px\" \/><\/a><\/figure>\n<\/div>\n\n<div class=\"wp-block-image\">\n<figure class=\"aligncenter size-large\"><a href=\"http:\/\/lycee-nisard.fr\/wp-content\/uploads\/2024\/01\/IMG-6434-scaled.jpg\"><img loading=\"lazy\" decoding=\"async\" width=\"1024\" height=\"768\" src=\"http:\/\/lycee-nisard.fr\/wp-content\/uploads\/2024\/01\/IMG-6434-1024x768.jpg\" alt=\"\" class=\"wp-image-5855\" srcset=\"http:\/\/lycee-nisard.fr\/wp-content\/uploads\/2024\/01\/IMG-6434-1024x768.jpg 1024w, http:\/\/lycee-nisard.fr\/wp-content\/uploads\/2024\/01\/IMG-6434-300x225.jpg 300w, http:\/\/lycee-nisard.fr\/wp-content\/uploads\/2024\/01\/IMG-6434-768x576.jpg 768w, http:\/\/lycee-nisard.fr\/wp-content\/uploads\/2024\/01\/IMG-6434-1536x1152.jpg 1536w, http:\/\/lycee-nisard.fr\/wp-content\/uploads\/2024\/01\/IMG-6434-2048x1536.jpg 2048w\" sizes=\"(max-width: 1024px) 100vw, 1024px\" \/><\/a><\/figure>\n<\/div>\n\n\n<p><strong>La comp\u00e9tition a \u00e9t\u00e9 rude !<\/strong><\/p>\n\n\n\n<p>Bravo \u00e0 tous les \u00e9l\u00e8ves pour leur participation et f\u00e9licitations au champion du lyc\u00e9e Jean Belime ainsi qu&rsquo;aux finalistes Hugo Courtejaire, Liam Gaveau et Robinson Herbrand-Provost.<\/p>\n\n\n<div class=\"wp-block-image\">\n<figure class=\"aligncenter size-large\"><a href=\"http:\/\/lycee-nisard.fr\/wp-content\/uploads\/2024\/01\/IMG-6443-scaled.jpg\"><img loading=\"lazy\" decoding=\"async\" width=\"1024\" height=\"768\" src=\"http:\/\/lycee-nisard.fr\/wp-content\/uploads\/2024\/01\/IMG-6443-1024x768.jpg\" alt=\"\" class=\"wp-image-5852\" srcset=\"http:\/\/lycee-nisard.fr\/wp-content\/uploads\/2024\/01\/IMG-6443-1024x768.jpg 1024w, http:\/\/lycee-nisard.fr\/wp-content\/uploads\/2024\/01\/IMG-6443-300x225.jpg 300w, http:\/\/lycee-nisard.fr\/wp-content\/uploads\/2024\/01\/IMG-6443-768x576.jpg 768w, http:\/\/lycee-nisard.fr\/wp-content\/uploads\/2024\/01\/IMG-6443-1536x1152.jpg 1536w, http:\/\/lycee-nisard.fr\/wp-content\/uploads\/2024\/01\/IMG-6443-2048x1536.jpg 2048w\" sizes=\"(max-width: 1024px) 100vw, 1024px\" \/><\/a><\/figure>\n<\/div>\n\n\n<p>Au final, les trois premiers \u00e9l\u00e8ves (Jean, Hugo et Liam) sont s\u00e9lectionn\u00e9s pour participer \u00e0 la finale \u00e0 Dole en mars prochain. Ils affronteront des \u00e9l\u00e8ves venus de 23 lyc\u00e9es de la r\u00e9gion.<\/p>\n\n\n<div class=\"wp-block-image\">\n<figure class=\"aligncenter size-large\"><a href=\"http:\/\/lycee-nisard.fr\/wp-content\/uploads\/2024\/01\/IMG-6444-scaled.jpg\"><img loading=\"lazy\" decoding=\"async\" width=\"1024\" height=\"768\" src=\"http:\/\/lycee-nisard.fr\/wp-content\/uploads\/2024\/01\/IMG-6444-1024x768.jpg\" alt=\"\" class=\"wp-image-5853\" srcset=\"http:\/\/lycee-nisard.fr\/wp-content\/uploads\/2024\/01\/IMG-6444-1024x768.jpg 1024w, http:\/\/lycee-nisard.fr\/wp-content\/uploads\/2024\/01\/IMG-6444-300x225.jpg 300w, http:\/\/lycee-nisard.fr\/wp-content\/uploads\/2024\/01\/IMG-6444-768x576.jpg 768w, http:\/\/lycee-nisard.fr\/wp-content\/uploads\/2024\/01\/IMG-6444-1536x1152.jpg 1536w, http:\/\/lycee-nisard.fr\/wp-content\/uploads\/2024\/01\/IMG-6444-2048x1536.jpg 2048w\" sizes=\"(max-width: 1024px) 100vw, 1024px\" \/><\/a><\/figure>\n<\/div>\n\n\n<p>Nous souhaitons bon courage \u00e0 nos eurochampions !<\/p>\n\n\n\n<p class=\"has-text-align-right\"><em>Boissieu Lo\u00efc, professeur de SES<\/em><\/p>\n","protected":false},"excerpt":{"rendered":"<p>Ce jeudi 18 janvier apr\u00e8s-midi, 35 \u00e9l\u00e8ves du lyc\u00e9e (tous niveaux confondus) ont particip\u00e9 \u00e0 \u00ab\u00a0Question pour un Eurochampion\u00a0\u00bb, une intervention de la Maison de l&rsquo;Europe. Pendant une heure et demi, Fr\u00e9d\u00e9ric Bergelin a anim\u00e9 un quiz de culture g\u00e9n\u00e9rale europ\u00e9enne.\u00a0 La comp\u00e9tition a \u00e9t\u00e9 rude ! Bravo \u00e0 tous les \u00e9l\u00e8ves pour leur participation &hellip; <a href=\"http:\/\/lycee-nisard.fr\/?p=5850\" class=\"more-link\">Continuer la lecture de <span class=\"screen-reader-text\">Question pour un Eurochampion !<\/span>  <span class=\"meta-nav\">&rarr;<\/span><\/a><\/p>\n","protected":false},"author":1,"featured_media":5851,"comment_status":"open","ping_status":"open","sticky":false,"template":"","format":"standard","meta":{"saved_in_kubio":false,"footnotes":""},"categories":[35],"tags":[],"class_list":["post-5850","post","type-post","status-publish","format-standard","has-post-thumbnail","hentry","category-annee-2023-2024"],"_links":{"self":[{"href":"http:\/\/lycee-nisard.fr\/index.php?rest_route=\/wp\/v2\/posts\/5850","targetHints":{"allow":["GET"]}}],"collection":[{"href":"http:\/\/lycee-nisard.fr\/index.php?rest_route=\/wp\/v2\/posts"}],"about":[{"href":"http:\/\/lycee-nisard.fr\/index.php?rest_route=\/wp\/v2\/types\/post"}],"author":[{"embeddable":true,"href":"http:\/\/lycee-nisard.fr\/index.php?rest_route=\/wp\/v2\/users\/1"}],"replies":[{"embeddable":true,"href":"http:\/\/lycee-nisard.fr\/index.php?rest_route=%2Fwp%2Fv2%2Fcomments&post=5850"}],"version-history":[{"count":1,"href":"http:\/\/lycee-nisard.fr\/index.php?rest_route=\/wp\/v2\/posts\/5850\/revisions"}],"predecessor-version":[{"id":5856,"href":"http:\/\/lycee-nisard.fr\/index.php?rest_route=\/wp\/v2\/posts\/5850\/revisions\/5856"}],"wp:featuredmedia":[{"embeddable":true,"href":"http:\/\/lycee-nisard.fr\/index.php?rest_route=\/wp\/v2\/media\/5851"}],"wp:attachment":[{"href":"http:\/\/lycee-nisard.fr\/index.php?rest_route=%2Fwp%2Fv2%2Fmedia&parent=5850"}],"wp:term":[{"taxonomy":"category","embeddable":true,"href":"http:\/\/lycee-nisard.fr\/index.php?rest_route=%2Fwp%2Fv2%2Fcategories&post=5850"},{"taxonomy":"post_tag","embeddable":true,"href":"http:\/\/lycee-nisard.fr\/index.php?rest_route=%2Fwp%2Fv2%2Ftags&post=5850"}],"curies":[{"name":"wp","href":"https:\/\/api.w.org\/{rel}","templated":true}]}}