{"id":5842,"date":"2024-01-12T10:20:49","date_gmt":"2024-01-12T09:20:49","guid":{"rendered":"http:\/\/lycee-nisard.fr\/?p=5842"},"modified":"2025-06-27T12:32:53","modified_gmt":"2025-06-27T11:32:53","slug":"spectacle-de-fin-dannee-de-lime","status":"publish","type":"post","link":"http:\/\/lycee-nisard.fr\/?p=5842","title":{"rendered":"SPECTACLE DE FIN D\u2019ANNEE DE L\u2019IME"},"content":{"rendered":"\n<p><strong>Le vendredi 22 d\u00e9cembre, les \u00e9l\u00e8ves de seconde de l\u2019option Sant\u00e9 Social ont particip\u00e9 au bon d\u00e9roulement du spectacle de fin d\u2019ann\u00e9e des enfants de l\u2019IME de Ch\u00e2tillon-sur-seine.<\/strong><\/p>\n\n\n\n<p>Lors de ce spectacle, les enfants ont fait voyager les spectateurs dans de nombreux pays (Espagne, Etats-Unis, Afrique\u2026) et dans diff\u00e9rents moments (No\u00ebl, r\u00e9veillon du 1<sup>er<\/sup> janvier) gr\u00e2ce \u00e0 des costumes tous plus beaux les uns que les autres.<\/p>\n\n\n<div class=\"wp-block-image\">\n<figure class=\"aligncenter size-full\"><a href=\"http:\/\/lycee-nisard.fr\/wp-content\/uploads\/2024\/01\/Photo3.jpg\"><img loading=\"lazy\" decoding=\"async\" width=\"741\" height=\"693\" src=\"http:\/\/lycee-nisard.fr\/wp-content\/uploads\/2024\/01\/Photo3.jpg\" alt=\"\" class=\"wp-image-5845\" srcset=\"http:\/\/lycee-nisard.fr\/wp-content\/uploads\/2024\/01\/Photo3.jpg 741w, http:\/\/lycee-nisard.fr\/wp-content\/uploads\/2024\/01\/Photo3-300x281.jpg 300w\" sizes=\"(max-width: 741px) 100vw, 741px\" \/><\/a><\/figure>\n<\/div>\n\n<div class=\"wp-block-image\">\n<figure class=\"aligncenter size-full\"><a href=\"http:\/\/lycee-nisard.fr\/wp-content\/uploads\/2024\/01\/Photo2.jpg\"><img loading=\"lazy\" decoding=\"async\" width=\"733\" height=\"797\" src=\"http:\/\/lycee-nisard.fr\/wp-content\/uploads\/2024\/01\/Photo2.jpg\" alt=\"\" class=\"wp-image-5844\" srcset=\"http:\/\/lycee-nisard.fr\/wp-content\/uploads\/2024\/01\/Photo2.jpg 733w, http:\/\/lycee-nisard.fr\/wp-content\/uploads\/2024\/01\/Photo2-276x300.jpg 276w\" sizes=\"(max-width: 733px) 100vw, 733px\" \/><\/a><\/figure>\n<\/div>\n\n\n<p>Ce d\u00e9fil\u00e9 n\u00e9cessitant des changements nombreux et rapides de costumes, l\u2019aide des \u00e9l\u00e8ves de seconde fut tr\u00e8s pr\u00e9cieuse&nbsp;! Sans eux, le spectacle n\u2019aurait pas pu avoir lieu.<\/p>\n\n\n\n<p>Le vendredi 8 d\u00e9cembre, il a fallu r\u00e9p\u00e9ter pour faire connaissance avec les enfants et le d\u00e9roul\u00e9 du spectacle.<\/p>\n\n\n\n<p>Le jour J, tout le monde \u00e9tait au point\u00a0!<\/p>\n\n\n<div class=\"wp-block-image\">\n<figure class=\"aligncenter size-large\"><a href=\"http:\/\/lycee-nisard.fr\/wp-content\/uploads\/2024\/01\/Photo1.jpg\"><img loading=\"lazy\" decoding=\"async\" width=\"1024\" height=\"601\" src=\"http:\/\/lycee-nisard.fr\/wp-content\/uploads\/2024\/01\/Photo1-1024x601.jpg\" alt=\"\" class=\"wp-image-5843\" srcset=\"http:\/\/lycee-nisard.fr\/wp-content\/uploads\/2024\/01\/Photo1-1024x601.jpg 1024w, http:\/\/lycee-nisard.fr\/wp-content\/uploads\/2024\/01\/Photo1-300x176.jpg 300w, http:\/\/lycee-nisard.fr\/wp-content\/uploads\/2024\/01\/Photo1-768x450.jpg 768w, http:\/\/lycee-nisard.fr\/wp-content\/uploads\/2024\/01\/Photo1.jpg 1386w\" sizes=\"(max-width: 1024px) 100vw, 1024px\" \/><\/a><\/figure>\n<\/div>","protected":false},"excerpt":{"rendered":"<p>Le vendredi 22 d\u00e9cembre, les \u00e9l\u00e8ves de seconde de l\u2019option Sant\u00e9 Social ont particip\u00e9 au bon d\u00e9roulement du spectacle de fin d\u2019ann\u00e9e des enfants de l\u2019IME de Ch\u00e2tillon-sur-seine. Lors de ce spectacle, les enfants ont fait voyager les spectateurs dans de nombreux pays (Espagne, Etats-Unis, Afrique\u2026) et dans diff\u00e9rents moments (No\u00ebl, r\u00e9veillon du 1er janvier) &hellip; <a href=\"http:\/\/lycee-nisard.fr\/?p=5842\" class=\"more-link\">Continuer la lecture de <span class=\"screen-reader-text\">SPECTACLE DE FIN D\u2019ANNEE DE L\u2019IME<\/span>  <span class=\"meta-nav\">&rarr;<\/span><\/a><\/p>\n","protected":false},"author":1,"featured_media":5846,"comment_status":"open","ping_status":"open","sticky":false,"template":"","format":"standard","meta":{"saved_in_kubio":false,"footnotes":""},"categories":[35],"tags":[],"class_list":["post-5842","post","type-post","status-publish","format-standard","has-post-thumbnail","hentry","category-annee-2023-2024"],"_links":{"self":[{"href":"http:\/\/lycee-nisard.fr\/index.php?rest_route=\/wp\/v2\/posts\/5842","targetHints":{"allow":["GET"]}}],"collection":[{"href":"http:\/\/lycee-nisard.fr\/index.php?rest_route=\/wp\/v2\/posts"}],"about":[{"href":"http:\/\/lycee-nisard.fr\/index.php?rest_route=\/wp\/v2\/types\/post"}],"author":[{"embeddable":true,"href":"http:\/\/lycee-nisard.fr\/index.php?rest_route=\/wp\/v2\/users\/1"}],"replies":[{"embeddable":true,"href":"http:\/\/lycee-nisard.fr\/index.php?rest_route=%2Fwp%2Fv2%2Fcomments&post=5842"}],"version-history":[{"count":1,"href":"http:\/\/lycee-nisard.fr\/index.php?rest_route=\/wp\/v2\/posts\/5842\/revisions"}],"predecessor-version":[{"id":5847,"href":"http:\/\/lycee-nisard.fr\/index.php?rest_route=\/wp\/v2\/posts\/5842\/revisions\/5847"}],"wp:featuredmedia":[{"embeddable":true,"href":"http:\/\/lycee-nisard.fr\/index.php?rest_route=\/wp\/v2\/media\/5846"}],"wp:attachment":[{"href":"http:\/\/lycee-nisard.fr\/index.php?rest_route=%2Fwp%2Fv2%2Fmedia&parent=5842"}],"wp:term":[{"taxonomy":"category","embeddable":true,"href":"http:\/\/lycee-nisard.fr\/index.php?rest_route=%2Fwp%2Fv2%2Fcategories&post=5842"},{"taxonomy":"post_tag","embeddable":true,"href":"http:\/\/lycee-nisard.fr\/index.php?rest_route=%2Fwp%2Fv2%2Ftags&post=5842"}],"curies":[{"name":"wp","href":"https:\/\/api.w.org\/{rel}","templated":true}]}}