{"id":5784,"date":"2023-12-21T12:31:43","date_gmt":"2023-12-21T11:31:43","guid":{"rendered":"http:\/\/lycee-nisard.fr\/?p=5784"},"modified":"2025-06-27T12:32:53","modified_gmt":"2025-06-27T11:32:53","slug":"le-chef-doeuvre-et-les-liens-intergenerationnels","status":"publish","type":"post","link":"http:\/\/lycee-nisard.fr\/?p=5784","title":{"rendered":"Le chef d&rsquo;\u0153uvre et les liens interg\u00e9n\u00e9rationnels"},"content":{"rendered":"\n<p>Dans le cadre de leur projet de chef d&rsquo;\u0153uvre, les \u00e9l\u00e8ves de terminale ASSP ont re\u00e7u les locataires du vill&rsquo;age bleu de Ch\u00e2tillon afin de partager un d\u00e9jeuner multi-g\u00e9n\u00e9rationnel suivi d&rsquo;un apr\u00e8s-midi jeux de soci\u00e9t\u00e9.<\/p>\n\n\n<div class=\"wp-block-image\">\n<figure class=\"aligncenter size-large\"><a href=\"http:\/\/lycee-nisard.fr\/wp-content\/uploads\/2023\/12\/FB_IMG_1703157476512-1.jpg\"><img loading=\"lazy\" decoding=\"async\" width=\"1024\" height=\"768\" src=\"http:\/\/lycee-nisard.fr\/wp-content\/uploads\/2023\/12\/FB_IMG_1703157476512-1-1024x768.jpg\" alt=\"\" class=\"wp-image-5792\" srcset=\"http:\/\/lycee-nisard.fr\/wp-content\/uploads\/2023\/12\/FB_IMG_1703157476512-1-1024x768.jpg 1024w, http:\/\/lycee-nisard.fr\/wp-content\/uploads\/2023\/12\/FB_IMG_1703157476512-1-300x225.jpg 300w, http:\/\/lycee-nisard.fr\/wp-content\/uploads\/2023\/12\/FB_IMG_1703157476512-1-768x576.jpg 768w, http:\/\/lycee-nisard.fr\/wp-content\/uploads\/2023\/12\/FB_IMG_1703157476512-1.jpg 1080w\" sizes=\"(max-width: 1024px) 100vw, 1024px\" \/><\/a><\/figure>\n<\/div>\n\n<div class=\"wp-block-image\">\n<figure class=\"aligncenter size-full\"><a href=\"http:\/\/lycee-nisard.fr\/wp-content\/uploads\/2023\/12\/FB_IMG_1703157494138-1.jpg\"><img loading=\"lazy\" decoding=\"async\" width=\"691\" height=\"672\" src=\"http:\/\/lycee-nisard.fr\/wp-content\/uploads\/2023\/12\/FB_IMG_1703157494138-1.jpg\" alt=\"\" class=\"wp-image-5790\" srcset=\"http:\/\/lycee-nisard.fr\/wp-content\/uploads\/2023\/12\/FB_IMG_1703157494138-1.jpg 691w, http:\/\/lycee-nisard.fr\/wp-content\/uploads\/2023\/12\/FB_IMG_1703157494138-1-300x292.jpg 300w\" sizes=\"(max-width: 691px) 100vw, 691px\" \/><\/a><\/figure>\n<\/div>\n\n<div class=\"wp-block-image\">\n<figure class=\"aligncenter size-full\"><a href=\"http:\/\/lycee-nisard.fr\/wp-content\/uploads\/2023\/12\/FB_IMG_1703157486573-1.jpg\"><img loading=\"lazy\" decoding=\"async\" width=\"768\" height=\"768\" src=\"http:\/\/lycee-nisard.fr\/wp-content\/uploads\/2023\/12\/FB_IMG_1703157486573-1.jpg\" alt=\"\" class=\"wp-image-5791\" srcset=\"http:\/\/lycee-nisard.fr\/wp-content\/uploads\/2023\/12\/FB_IMG_1703157486573-1.jpg 768w, http:\/\/lycee-nisard.fr\/wp-content\/uploads\/2023\/12\/FB_IMG_1703157486573-1-300x300.jpg 300w, http:\/\/lycee-nisard.fr\/wp-content\/uploads\/2023\/12\/FB_IMG_1703157486573-1-150x150.jpg 150w\" sizes=\"(max-width: 768px) 100vw, 768px\" \/><\/a><\/figure>\n<\/div>","protected":false},"excerpt":{"rendered":"<p>Dans le cadre de leur projet de chef d&rsquo;\u0153uvre, les \u00e9l\u00e8ves de terminale ASSP ont re\u00e7u les locataires du vill&rsquo;age bleu de Ch\u00e2tillon afin de partager un d\u00e9jeuner multi-g\u00e9n\u00e9rationnel suivi d&rsquo;un apr\u00e8s-midi jeux de soci\u00e9t\u00e9.<\/p>\n","protected":false},"author":1,"featured_media":5789,"comment_status":"open","ping_status":"open","sticky":false,"template":"","format":"standard","meta":{"saved_in_kubio":false,"footnotes":""},"categories":[35],"tags":[],"class_list":["post-5784","post","type-post","status-publish","format-standard","has-post-thumbnail","hentry","category-annee-2023-2024"],"_links":{"self":[{"href":"http:\/\/lycee-nisard.fr\/index.php?rest_route=\/wp\/v2\/posts\/5784","targetHints":{"allow":["GET"]}}],"collection":[{"href":"http:\/\/lycee-nisard.fr\/index.php?rest_route=\/wp\/v2\/posts"}],"about":[{"href":"http:\/\/lycee-nisard.fr\/index.php?rest_route=\/wp\/v2\/types\/post"}],"author":[{"embeddable":true,"href":"http:\/\/lycee-nisard.fr\/index.php?rest_route=\/wp\/v2\/users\/1"}],"replies":[{"embeddable":true,"href":"http:\/\/lycee-nisard.fr\/index.php?rest_route=%2Fwp%2Fv2%2Fcomments&post=5784"}],"version-history":[{"count":1,"href":"http:\/\/lycee-nisard.fr\/index.php?rest_route=\/wp\/v2\/posts\/5784\/revisions"}],"predecessor-version":[{"id":5793,"href":"http:\/\/lycee-nisard.fr\/index.php?rest_route=\/wp\/v2\/posts\/5784\/revisions\/5793"}],"wp:featuredmedia":[{"embeddable":true,"href":"http:\/\/lycee-nisard.fr\/index.php?rest_route=\/wp\/v2\/media\/5789"}],"wp:attachment":[{"href":"http:\/\/lycee-nisard.fr\/index.php?rest_route=%2Fwp%2Fv2%2Fmedia&parent=5784"}],"wp:term":[{"taxonomy":"category","embeddable":true,"href":"http:\/\/lycee-nisard.fr\/index.php?rest_route=%2Fwp%2Fv2%2Fcategories&post=5784"},{"taxonomy":"post_tag","embeddable":true,"href":"http:\/\/lycee-nisard.fr\/index.php?rest_route=%2Fwp%2Fv2%2Ftags&post=5784"}],"curies":[{"name":"wp","href":"https:\/\/api.w.org\/{rel}","templated":true}]}}