{"id":5763,"date":"2023-11-30T11:08:16","date_gmt":"2023-11-30T10:08:16","guid":{"rendered":"http:\/\/lycee-nisard.fr\/?p=5763"},"modified":"2025-06-27T12:32:53","modified_gmt":"2025-06-27T11:32:53","slug":"ceremonie-de-remise-des-diplomes","status":"publish","type":"post","link":"http:\/\/lycee-nisard.fr\/?p=5763","title":{"rendered":"C\u00e9r\u00e9monie de remise des dipl\u00f4mes"},"content":{"rendered":"\n<p><strong>Le samedi 25 novembre \u00e0 10h, le lyc\u00e9e D\u00e9sir\u00e9 a organis\u00e9 la c\u00e9r\u00e9monie r\u00e9publicaine de remise des dipl\u00f4mes \u00e0 la salle Luc Schreder de Ch\u00e2tillon-sur-Seine.<\/strong><\/p>\n\n\n\n<p>L&rsquo;occasion pour les nouveaux dipl\u00f4m\u00e9s de retrouver leurs anciens camarades de classe et leurs enseignants venus partager ce moment important qui marque solennellement leur entr\u00e9e dans le monde du travail ou dans un nouveau cycle d&rsquo;\u00e9tudes ou de formation.<\/p>\n\n\n\n<h5 class=\"wp-block-heading\"><strong>En photos, les laur\u00e9ats fiers de leur dipl\u00f4me<\/strong> :<\/h5>\n\n\n\n<h6 class=\"wp-block-heading\">Le Dipl\u00f4me National du Brevet<\/h6>\n\n\n\n<figure class=\"wp-block-image size-large is-style-default\"><a href=\"http:\/\/lycee-nisard.fr\/wp-content\/uploads\/2023\/11\/3PM-scaled.jpg\"><img loading=\"lazy\" decoding=\"async\" width=\"1024\" height=\"683\" src=\"http:\/\/lycee-nisard.fr\/wp-content\/uploads\/2023\/11\/3PM-1024x683.jpg\" alt=\"\" class=\"wp-image-5765\" srcset=\"http:\/\/lycee-nisard.fr\/wp-content\/uploads\/2023\/11\/3PM-1024x683.jpg 1024w, http:\/\/lycee-nisard.fr\/wp-content\/uploads\/2023\/11\/3PM-300x200.jpg 300w, http:\/\/lycee-nisard.fr\/wp-content\/uploads\/2023\/11\/3PM-768x512.jpg 768w, http:\/\/lycee-nisard.fr\/wp-content\/uploads\/2023\/11\/3PM-1536x1024.jpg 1536w, http:\/\/lycee-nisard.fr\/wp-content\/uploads\/2023\/11\/3PM-2048x1365.jpg 2048w\" sizes=\"(max-width: 1024px) 100vw, 1024px\" \/><\/a><\/figure>\n\n\n\n<h6 class=\"wp-block-heading\">Le Certificat d&rsquo;Aptitude Professionnel Accompagnant Educatif Petite Enfance<\/h6>\n\n\n\n<figure class=\"wp-block-image size-large\"><a href=\"http:\/\/lycee-nisard.fr\/wp-content\/uploads\/2023\/11\/AEPE-scaled.jpg\"><img loading=\"lazy\" decoding=\"async\" width=\"1024\" height=\"692\" src=\"http:\/\/lycee-nisard.fr\/wp-content\/uploads\/2023\/11\/AEPE-1024x692.jpg\" alt=\"\" class=\"wp-image-5766\" srcset=\"http:\/\/lycee-nisard.fr\/wp-content\/uploads\/2023\/11\/AEPE-1024x692.jpg 1024w, http:\/\/lycee-nisard.fr\/wp-content\/uploads\/2023\/11\/AEPE-300x203.jpg 300w, http:\/\/lycee-nisard.fr\/wp-content\/uploads\/2023\/11\/AEPE-768x519.jpg 768w, http:\/\/lycee-nisard.fr\/wp-content\/uploads\/2023\/11\/AEPE-1536x1038.jpg 1536w, http:\/\/lycee-nisard.fr\/wp-content\/uploads\/2023\/11\/AEPE-2048x1384.jpg 2048w\" sizes=\"(max-width: 1024px) 100vw, 1024px\" \/><\/a><\/figure>\n\n\n\n<h6 class=\"wp-block-heading\">Le Certificat d&rsquo;Aptitude Professionnel Conducteur d&rsquo;Engins<\/h6>\n\n\n\n<figure class=\"wp-block-image size-large\"><a href=\"http:\/\/lycee-nisard.fr\/wp-content\/uploads\/2023\/11\/ENG.jpg\"><img loading=\"lazy\" decoding=\"async\" width=\"1024\" height=\"683\" src=\"http:\/\/lycee-nisard.fr\/wp-content\/uploads\/2023\/11\/ENG-1024x683.jpg\" alt=\"\" class=\"wp-image-5767\" srcset=\"http:\/\/lycee-nisard.fr\/wp-content\/uploads\/2023\/11\/ENG-1024x683.jpg 1024w, http:\/\/lycee-nisard.fr\/wp-content\/uploads\/2023\/11\/ENG-300x200.jpg 300w, http:\/\/lycee-nisard.fr\/wp-content\/uploads\/2023\/11\/ENG-768x512.jpg 768w, http:\/\/lycee-nisard.fr\/wp-content\/uploads\/2023\/11\/ENG-1536x1024.jpg 1536w, http:\/\/lycee-nisard.fr\/wp-content\/uploads\/2023\/11\/ENG-2048x1366.jpg 2048w\" sizes=\"(max-width: 1024px) 100vw, 1024px\" \/><\/a><\/figure>\n\n\n\n<h6 class=\"wp-block-heading\">Le Baccalaur\u00e9at de la voie professionnelle<\/h6>\n\n\n\n<figure class=\"wp-block-image size-large\"><a href=\"http:\/\/lycee-nisard.fr\/wp-content\/uploads\/2023\/11\/Pro.jpg\"><img loading=\"lazy\" decoding=\"async\" width=\"1024\" height=\"683\" src=\"http:\/\/lycee-nisard.fr\/wp-content\/uploads\/2023\/11\/Pro-1024x683.jpg\" alt=\"\" class=\"wp-image-5768\" srcset=\"http:\/\/lycee-nisard.fr\/wp-content\/uploads\/2023\/11\/Pro-1024x683.jpg 1024w, http:\/\/lycee-nisard.fr\/wp-content\/uploads\/2023\/11\/Pro-300x200.jpg 300w, http:\/\/lycee-nisard.fr\/wp-content\/uploads\/2023\/11\/Pro-768x512.jpg 768w, http:\/\/lycee-nisard.fr\/wp-content\/uploads\/2023\/11\/Pro-1536x1024.jpg 1536w, http:\/\/lycee-nisard.fr\/wp-content\/uploads\/2023\/11\/Pro-2048x1366.jpg 2048w\" sizes=\"(max-width: 1024px) 100vw, 1024px\" \/><\/a><\/figure>\n\n\n\n<h6 class=\"wp-block-heading\">Le Baccalaur\u00e9at de la voie g\u00e9n\u00e9rale<\/h6>\n\n\n\n<figure class=\"wp-block-image size-large\"><a href=\"http:\/\/lycee-nisard.fr\/wp-content\/uploads\/2023\/11\/VoieG-scaled.jpg\"><img loading=\"lazy\" decoding=\"async\" width=\"1024\" height=\"683\" src=\"http:\/\/lycee-nisard.fr\/wp-content\/uploads\/2023\/11\/VoieG-1024x683.jpg\" alt=\"\" class=\"wp-image-5769\" srcset=\"http:\/\/lycee-nisard.fr\/wp-content\/uploads\/2023\/11\/VoieG-1024x683.jpg 1024w, http:\/\/lycee-nisard.fr\/wp-content\/uploads\/2023\/11\/VoieG-300x200.jpg 300w, http:\/\/lycee-nisard.fr\/wp-content\/uploads\/2023\/11\/VoieG-768x512.jpg 768w, http:\/\/lycee-nisard.fr\/wp-content\/uploads\/2023\/11\/VoieG-1536x1024.jpg 1536w, http:\/\/lycee-nisard.fr\/wp-content\/uploads\/2023\/11\/VoieG-2048x1366.jpg 2048w\" sizes=\"(max-width: 1024px) 100vw, 1024px\" \/><\/a><\/figure>\n\n\n\n<p>La c\u00e9r\u00e9monie s&rsquo;est conclue par un moment de convivialit\u00e9.<\/p>\n","protected":false},"excerpt":{"rendered":"<p>Le samedi 25 novembre \u00e0 10h, le lyc\u00e9e D\u00e9sir\u00e9 a organis\u00e9 la c\u00e9r\u00e9monie r\u00e9publicaine de remise des dipl\u00f4mes \u00e0 la salle Luc Schreder de Ch\u00e2tillon-sur-Seine. L&rsquo;occasion pour les nouveaux dipl\u00f4m\u00e9s de retrouver leurs anciens camarades de classe et leurs enseignants venus partager ce moment important qui marque solennellement leur entr\u00e9e dans le monde du travail &hellip; <a href=\"http:\/\/lycee-nisard.fr\/?p=5763\" class=\"more-link\">Continuer la lecture de <span class=\"screen-reader-text\">C\u00e9r\u00e9monie de remise des dipl\u00f4mes<\/span>  <span class=\"meta-nav\">&rarr;<\/span><\/a><\/p>\n","protected":false},"author":1,"featured_media":5771,"comment_status":"open","ping_status":"open","sticky":false,"template":"","format":"standard","meta":{"saved_in_kubio":false,"footnotes":""},"categories":[35],"tags":[],"class_list":["post-5763","post","type-post","status-publish","format-standard","has-post-thumbnail","hentry","category-annee-2023-2024"],"_links":{"self":[{"href":"http:\/\/lycee-nisard.fr\/index.php?rest_route=\/wp\/v2\/posts\/5763","targetHints":{"allow":["GET"]}}],"collection":[{"href":"http:\/\/lycee-nisard.fr\/index.php?rest_route=\/wp\/v2\/posts"}],"about":[{"href":"http:\/\/lycee-nisard.fr\/index.php?rest_route=\/wp\/v2\/types\/post"}],"author":[{"embeddable":true,"href":"http:\/\/lycee-nisard.fr\/index.php?rest_route=\/wp\/v2\/users\/1"}],"replies":[{"embeddable":true,"href":"http:\/\/lycee-nisard.fr\/index.php?rest_route=%2Fwp%2Fv2%2Fcomments&post=5763"}],"version-history":[{"count":1,"href":"http:\/\/lycee-nisard.fr\/index.php?rest_route=\/wp\/v2\/posts\/5763\/revisions"}],"predecessor-version":[{"id":5770,"href":"http:\/\/lycee-nisard.fr\/index.php?rest_route=\/wp\/v2\/posts\/5763\/revisions\/5770"}],"wp:featuredmedia":[{"embeddable":true,"href":"http:\/\/lycee-nisard.fr\/index.php?rest_route=\/wp\/v2\/media\/5771"}],"wp:attachment":[{"href":"http:\/\/lycee-nisard.fr\/index.php?rest_route=%2Fwp%2Fv2%2Fmedia&parent=5763"}],"wp:term":[{"taxonomy":"category","embeddable":true,"href":"http:\/\/lycee-nisard.fr\/index.php?rest_route=%2Fwp%2Fv2%2Fcategories&post=5763"},{"taxonomy":"post_tag","embeddable":true,"href":"http:\/\/lycee-nisard.fr\/index.php?rest_route=%2Fwp%2Fv2%2Ftags&post=5763"}],"curies":[{"name":"wp","href":"https:\/\/api.w.org\/{rel}","templated":true}]}}