{"id":5720,"date":"2023-11-23T09:22:44","date_gmt":"2023-11-23T08:22:44","guid":{"rendered":"http:\/\/lycee-nisard.fr\/?p=5720"},"modified":"2025-06-27T12:32:54","modified_gmt":"2025-06-27T11:32:54","slug":"lyceens-au-cinema","status":"publish","type":"post","link":"http:\/\/lycee-nisard.fr\/?p=5720","title":{"rendered":"Lyc\u00e9ens au cin\u00e9ma"},"content":{"rendered":"\n<h6 class=\"wp-block-heading\"><strong>Dans le cadre du dispositif Lyc\u00e9ens au cin\u00e9ma, les 2A ont d\u00e9couvert l&rsquo;univers du r\u00e9alisateur iranien Mohammad Rasoulof.<br>Ils ont r\u00e9fl\u00e9chi sur la peine de mort, la responsabilit\u00e9 individuelle, la force de dire non, le devoir&#8230;<\/strong><\/h6>\n\n\n\n<p class=\"has-black-color has-text-color has-link-color wp-elements-df5a73faedde86defdc7e78a28cc2055\">Voici le fruit de leurs r\u00e9flexions \u00e0 travers des affiches personnalis\u00e9es (<em>cliquez sur l&rsquo;affiche pour ouvrir la pr\u00e9sentation<\/em>).<\/p>\n\n\n<div class=\"wp-block-image\">\n<figure class=\"aligncenter size-full\"><a class=\"https:\/\/view.genial.ly\/655efebb80c5320010c2355c\/interactive-image-image-interactive-verticale-essentiel\" href=\"https:\/\/view.genial.ly\/655efebb80c5320010c2355c\/interactive-image-image-interactive-verticale-essentiel\" target=\"_blank\" rel=\"noreferrer noopener\"><img loading=\"lazy\" decoding=\"async\" width=\"413\" height=\"547\" src=\"http:\/\/lycee-nisard.fr\/wp-content\/uploads\/2023\/11\/AfficheInteractive.png\" alt=\"\" class=\"wp-image-5721\" srcset=\"http:\/\/lycee-nisard.fr\/wp-content\/uploads\/2023\/11\/AfficheInteractive.png 413w, http:\/\/lycee-nisard.fr\/wp-content\/uploads\/2023\/11\/AfficheInteractive-227x300.png 227w\" sizes=\"(max-width: 413px) 100vw, 413px\" \/><\/a><\/figure>\n<\/div>","protected":false},"excerpt":{"rendered":"<p>Dans le cadre du dispositif Lyc\u00e9ens au cin\u00e9ma, les 2A ont d\u00e9couvert l&rsquo;univers du r\u00e9alisateur iranien Mohammad Rasoulof.Ils ont r\u00e9fl\u00e9chi sur la peine de mort, la responsabilit\u00e9 individuelle, la force de dire non, le devoir&#8230; Voici le fruit de leurs r\u00e9flexions \u00e0 travers des affiches personnalis\u00e9es (cliquez sur l&rsquo;affiche pour ouvrir la pr\u00e9sentation).<\/p>\n","protected":false},"author":1,"featured_media":5726,"comment_status":"open","ping_status":"open","sticky":false,"template":"","format":"standard","meta":{"saved_in_kubio":false,"footnotes":""},"categories":[35],"tags":[],"class_list":["post-5720","post","type-post","status-publish","format-standard","has-post-thumbnail","hentry","category-annee-2023-2024"],"_links":{"self":[{"href":"http:\/\/lycee-nisard.fr\/index.php?rest_route=\/wp\/v2\/posts\/5720","targetHints":{"allow":["GET"]}}],"collection":[{"href":"http:\/\/lycee-nisard.fr\/index.php?rest_route=\/wp\/v2\/posts"}],"about":[{"href":"http:\/\/lycee-nisard.fr\/index.php?rest_route=\/wp\/v2\/types\/post"}],"author":[{"embeddable":true,"href":"http:\/\/lycee-nisard.fr\/index.php?rest_route=\/wp\/v2\/users\/1"}],"replies":[{"embeddable":true,"href":"http:\/\/lycee-nisard.fr\/index.php?rest_route=%2Fwp%2Fv2%2Fcomments&post=5720"}],"version-history":[{"count":4,"href":"http:\/\/lycee-nisard.fr\/index.php?rest_route=\/wp\/v2\/posts\/5720\/revisions"}],"predecessor-version":[{"id":5725,"href":"http:\/\/lycee-nisard.fr\/index.php?rest_route=\/wp\/v2\/posts\/5720\/revisions\/5725"}],"wp:featuredmedia":[{"embeddable":true,"href":"http:\/\/lycee-nisard.fr\/index.php?rest_route=\/wp\/v2\/media\/5726"}],"wp:attachment":[{"href":"http:\/\/lycee-nisard.fr\/index.php?rest_route=%2Fwp%2Fv2%2Fmedia&parent=5720"}],"wp:term":[{"taxonomy":"category","embeddable":true,"href":"http:\/\/lycee-nisard.fr\/index.php?rest_route=%2Fwp%2Fv2%2Fcategories&post=5720"},{"taxonomy":"post_tag","embeddable":true,"href":"http:\/\/lycee-nisard.fr\/index.php?rest_route=%2Fwp%2Fv2%2Ftags&post=5720"}],"curies":[{"name":"wp","href":"https:\/\/api.w.org\/{rel}","templated":true}]}}