{"id":5664,"date":"2023-10-20T11:17:36","date_gmt":"2023-10-20T10:17:36","guid":{"rendered":"http:\/\/lycee-nisard.fr\/?p=5664"},"modified":"2025-06-27T12:32:54","modified_gmt":"2025-06-27T11:32:54","slug":"vanite-des-vanites-tout-est-vanite","status":"publish","type":"post","link":"http:\/\/lycee-nisard.fr\/?p=5664","title":{"rendered":"Vanit\u00e9 des vanit\u00e9s tout est vanit\u00e9 !"},"content":{"rendered":"\n<p>Voici le travail r\u00e9alis\u00e9 par les \u00e9l\u00e8ves de 2A.<\/p>\n\n\n<div class=\"wp-block-image\">\n<figure class=\"aligncenter size-medium\"><a href=\"https:\/\/drive.google.com\/file\/d\/1PiqGO8FQqRfUsu4huJNNLFXCow0a2gVl\/view?usp=sharing\"><img loading=\"lazy\" decoding=\"async\" width=\"231\" height=\"300\" src=\"http:\/\/lycee-nisard.fr\/wp-content\/uploads\/2023\/10\/Photo-lien-1-231x300.png\" alt=\"\" class=\"wp-image-5667\" srcset=\"http:\/\/lycee-nisard.fr\/wp-content\/uploads\/2023\/10\/Photo-lien-1-231x300.png 231w, http:\/\/lycee-nisard.fr\/wp-content\/uploads\/2023\/10\/Photo-lien-1-787x1024.png 787w, http:\/\/lycee-nisard.fr\/wp-content\/uploads\/2023\/10\/Photo-lien-1-768x999.png 768w, http:\/\/lycee-nisard.fr\/wp-content\/uploads\/2023\/10\/Photo-lien-1.png 810w\" sizes=\"(max-width: 231px) 100vw, 231px\" \/><\/a><figcaption class=\"wp-element-caption\">Cliquer sur l&rsquo;image pour ouvrir le diaporama<\/figcaption><\/figure>\n<\/div>\n\n\n<p>Illustrations du memento mori, notion abord\u00e9e dans une s\u00e9quence sur la po\u00e9sie de la Renaissance.<\/p>\n\n\n\n<p>Bravo \u00e0 eux !<\/p>\n\n\n\n<p>A suivre \u00e0 la rentr\u00e9e une galerie photos \u00a0\u00bb Nature et po\u00e9sie \u00a0\u00bb et d&rsquo;autres surprises \u00e0 d\u00e9couvrir&#8230;<br>Amis lecteurs \u00e0 bient\u00f4t !<\/p>\n","protected":false},"excerpt":{"rendered":"<p>Voici le travail r\u00e9alis\u00e9 par les \u00e9l\u00e8ves de 2A. Illustrations du memento mori, notion abord\u00e9e dans une s\u00e9quence sur la po\u00e9sie de la Renaissance. Bravo \u00e0 eux ! A suivre \u00e0 la rentr\u00e9e une galerie photos \u00a0\u00bb Nature et po\u00e9sie \u00a0\u00bb et d&rsquo;autres surprises \u00e0 d\u00e9couvrir&#8230;Amis lecteurs \u00e0 bient\u00f4t !<\/p>\n","protected":false},"author":1,"featured_media":5665,"comment_status":"open","ping_status":"open","sticky":false,"template":"","format":"standard","meta":{"saved_in_kubio":false,"footnotes":""},"categories":[35],"tags":[],"class_list":["post-5664","post","type-post","status-publish","format-standard","has-post-thumbnail","hentry","category-annee-2023-2024"],"_links":{"self":[{"href":"http:\/\/lycee-nisard.fr\/index.php?rest_route=\/wp\/v2\/posts\/5664","targetHints":{"allow":["GET"]}}],"collection":[{"href":"http:\/\/lycee-nisard.fr\/index.php?rest_route=\/wp\/v2\/posts"}],"about":[{"href":"http:\/\/lycee-nisard.fr\/index.php?rest_route=\/wp\/v2\/types\/post"}],"author":[{"embeddable":true,"href":"http:\/\/lycee-nisard.fr\/index.php?rest_route=\/wp\/v2\/users\/1"}],"replies":[{"embeddable":true,"href":"http:\/\/lycee-nisard.fr\/index.php?rest_route=%2Fwp%2Fv2%2Fcomments&post=5664"}],"version-history":[{"count":2,"href":"http:\/\/lycee-nisard.fr\/index.php?rest_route=\/wp\/v2\/posts\/5664\/revisions"}],"predecessor-version":[{"id":5670,"href":"http:\/\/lycee-nisard.fr\/index.php?rest_route=\/wp\/v2\/posts\/5664\/revisions\/5670"}],"wp:featuredmedia":[{"embeddable":true,"href":"http:\/\/lycee-nisard.fr\/index.php?rest_route=\/wp\/v2\/media\/5665"}],"wp:attachment":[{"href":"http:\/\/lycee-nisard.fr\/index.php?rest_route=%2Fwp%2Fv2%2Fmedia&parent=5664"}],"wp:term":[{"taxonomy":"category","embeddable":true,"href":"http:\/\/lycee-nisard.fr\/index.php?rest_route=%2Fwp%2Fv2%2Fcategories&post=5664"},{"taxonomy":"post_tag","embeddable":true,"href":"http:\/\/lycee-nisard.fr\/index.php?rest_route=%2Fwp%2Fv2%2Ftags&post=5664"}],"curies":[{"name":"wp","href":"https:\/\/api.w.org\/{rel}","templated":true}]}}