{"id":5658,"date":"2023-10-21T10:49:15","date_gmt":"2023-10-21T09:49:15","guid":{"rendered":"http:\/\/lycee-nisard.fr\/?p=5658"},"modified":"2025-06-27T12:32:54","modified_gmt":"2025-06-27T11:32:54","slug":"le-numerique-cest-aussi-pour-les-filles","status":"publish","type":"post","link":"http:\/\/lycee-nisard.fr\/?p=5658","title":{"rendered":"Le num\u00e9rique, c&rsquo;est aussi pour les filles !"},"content":{"rendered":"\n<p><strong>Le jeudi 30 novembre, de 14h \u00e0 16h30, la R\u00e9gion Bourgogne Franche-Comt\u00e9 organise une conf\u00e9rence suivie de t\u00e9moignages sur la mixit\u00e9 dans les formations et m\u00e9tiers du num\u00e9rique.<\/strong><\/p>\n\n\n\n<p>L&rsquo;objectif est d&rsquo;inciter les jeunes filles \u00e0 rejoindre ces formations et ces m\u00e9tiers, et de leur faire prendre conscience qu&rsquo;elles ont un r\u00f4le \u00e0 jouer pour plus de diversit\u00e9 dans cette fili\u00e8re porteuse d&rsquo;avenir, qui cherche \u00e0 recruter de nouveaux profils.<\/p>\n\n\n\n<hr class=\"wp-block-separator has-alpha-channel-opacity\"\/>\n\n\n\n<p>Vous retrouverez le programme en suivant le lien<a href=\"https:\/\/app.novagouv.fr\/public_doc\/refactory_earc\/?element=Z5Npl2KYX45fkF2QkdOTwJXCosSPw5%2FWosifyJ7GltORz5PJlcSfzqTGX45fk2CXZ5BdkJHRldOT1l%2BOX5Jfjl%2FEmdWf2pXPX45fkV%2BOX86RypyQXZBjk2iSZJFi\"> ICI<\/a><\/p>\n\n\n\n<hr class=\"wp-block-separator has-alpha-channel-opacity\"\/>\n\n\n\n<p class=\"has-text-align-left\">L&rsquo;\u00e9v\u00e9nement se d\u00e9roule \u00e0 Nevers mais il est possible de le suivre en ligne sur une page YouTube d\u00e9di\u00e9e.<br><br><strong><em>Si tu es int\u00e9ress\u00e9e, merci de venir te noter sur une liste au CDI avant le 15 novembre. <\/em><\/strong><br><strong><em>Nous ferons alors une inscription group\u00e9e pour toutes les participantes et pourrons ainsi programmer une projection commune.  <\/em><\/strong><\/p>\n","protected":false},"excerpt":{"rendered":"<p>Le jeudi 30 novembre, de 14h \u00e0 16h30, la R\u00e9gion Bourgogne Franche-Comt\u00e9 organise une conf\u00e9rence suivie de t\u00e9moignages sur la mixit\u00e9 dans les formations et m\u00e9tiers du num\u00e9rique. L&rsquo;objectif est d&rsquo;inciter les jeunes filles \u00e0 rejoindre ces formations et ces m\u00e9tiers, et de leur faire prendre conscience qu&rsquo;elles ont un r\u00f4le \u00e0 jouer pour plus &hellip; <a href=\"http:\/\/lycee-nisard.fr\/?p=5658\" class=\"more-link\">Continuer la lecture de <span class=\"screen-reader-text\">Le num\u00e9rique, c&rsquo;est aussi pour les filles !<\/span>  <span class=\"meta-nav\">&rarr;<\/span><\/a><\/p>\n","protected":false},"author":1,"featured_media":5663,"comment_status":"open","ping_status":"open","sticky":false,"template":"","format":"standard","meta":{"saved_in_kubio":false,"footnotes":""},"categories":[35],"tags":[],"class_list":["post-5658","post","type-post","status-publish","format-standard","has-post-thumbnail","hentry","category-annee-2023-2024"],"_links":{"self":[{"href":"http:\/\/lycee-nisard.fr\/index.php?rest_route=\/wp\/v2\/posts\/5658","targetHints":{"allow":["GET"]}}],"collection":[{"href":"http:\/\/lycee-nisard.fr\/index.php?rest_route=\/wp\/v2\/posts"}],"about":[{"href":"http:\/\/lycee-nisard.fr\/index.php?rest_route=\/wp\/v2\/types\/post"}],"author":[{"embeddable":true,"href":"http:\/\/lycee-nisard.fr\/index.php?rest_route=\/wp\/v2\/users\/1"}],"replies":[{"embeddable":true,"href":"http:\/\/lycee-nisard.fr\/index.php?rest_route=%2Fwp%2Fv2%2Fcomments&post=5658"}],"version-history":[{"count":3,"href":"http:\/\/lycee-nisard.fr\/index.php?rest_route=\/wp\/v2\/posts\/5658\/revisions"}],"predecessor-version":[{"id":5662,"href":"http:\/\/lycee-nisard.fr\/index.php?rest_route=\/wp\/v2\/posts\/5658\/revisions\/5662"}],"wp:featuredmedia":[{"embeddable":true,"href":"http:\/\/lycee-nisard.fr\/index.php?rest_route=\/wp\/v2\/media\/5663"}],"wp:attachment":[{"href":"http:\/\/lycee-nisard.fr\/index.php?rest_route=%2Fwp%2Fv2%2Fmedia&parent=5658"}],"wp:term":[{"taxonomy":"category","embeddable":true,"href":"http:\/\/lycee-nisard.fr\/index.php?rest_route=%2Fwp%2Fv2%2Fcategories&post=5658"},{"taxonomy":"post_tag","embeddable":true,"href":"http:\/\/lycee-nisard.fr\/index.php?rest_route=%2Fwp%2Fv2%2Ftags&post=5658"}],"curies":[{"name":"wp","href":"https:\/\/api.w.org\/{rel}","templated":true}]}}