{"id":5627,"date":"2023-10-18T09:44:53","date_gmt":"2023-10-18T08:44:53","guid":{"rendered":"http:\/\/lycee-nisard.fr\/?p=5627"},"modified":"2025-06-27T12:32:54","modified_gmt":"2025-06-27T11:32:54","slug":"el-dia-de-los-muertos","status":"publish","type":"post","link":"http:\/\/lycee-nisard.fr\/?p=5627","title":{"rendered":"EL DIA DE LOS MUERTOS"},"content":{"rendered":"\n<p><strong>Les \u00e9l\u00e8ves de 3PM encadr\u00e9s par leur professeur d&rsquo;espagnol Mme Bertrand ont cr\u00e9\u00e9 des d\u00e9corations pour la f\u00eate mexicaine el Dia de los muertos.<\/strong><\/p>\n\n\n\n<p>Ces cr\u00e9ations d\u00e9corent maintenant les murs du lyc\u00e9e et sont compos\u00e9es essentiellement de papel picado (guirlandes en papier de soie laissant passer la lumi\u00e8re), de calaveras (des cr\u00e2nes) et de esqueletos (squelettes) color\u00e9s !<\/p>\n\n\n\n<div class=\"wp-block-cover aligncenter is-light\" style=\"min-height:420px;aspect-ratio:unset;\"><span aria-hidden=\"true\" class=\"wp-block-cover__background has-background-dim\"><\/span><img loading=\"lazy\" decoding=\"async\" width=\"756\" height=\"756\" class=\"wp-block-cover__image-background wp-image-5628\" alt=\"\" src=\"http:\/\/lycee-nisard.fr\/wp-content\/uploads\/2023\/10\/IMG_20231017_161323_251.webp\" style=\"object-position:68% 33%\" data-object-fit=\"cover\" data-object-position=\"68% 33%\" srcset=\"http:\/\/lycee-nisard.fr\/wp-content\/uploads\/2023\/10\/IMG_20231017_161323_251.webp 756w, http:\/\/lycee-nisard.fr\/wp-content\/uploads\/2023\/10\/IMG_20231017_161323_251-300x300.webp 300w, http:\/\/lycee-nisard.fr\/wp-content\/uploads\/2023\/10\/IMG_20231017_161323_251-150x150.webp 150w\" sizes=\"(max-width: 756px) 100vw, 756px\" \/><div class=\"wp-block-cover__inner-container is-layout-flow wp-block-cover-is-layout-flow\">\n<p class=\"has-text-align-center has-large-font-size\"><\/p>\n<\/div><\/div>\n\n\n\n<p><br>Rappelons que ce jour des morts est une&nbsp;c\u00e9l\u00e9bration de la vie et de la mort qui trouve son origine au Mexique mais est c\u00e9l\u00e9br\u00e9 partout en Am\u00e9rique latine.<\/p>\n","protected":false},"excerpt":{"rendered":"<p>Les \u00e9l\u00e8ves de 3PM encadr\u00e9s par leur professeur d&rsquo;espagnol Mme Bertrand ont cr\u00e9\u00e9 des d\u00e9corations pour la f\u00eate mexicaine el Dia de los muertos. Ces cr\u00e9ations d\u00e9corent maintenant les murs du lyc\u00e9e et sont compos\u00e9es essentiellement de papel picado (guirlandes en papier de soie laissant passer la lumi\u00e8re), de calaveras (des cr\u00e2nes) et de esqueletos &hellip; <a href=\"http:\/\/lycee-nisard.fr\/?p=5627\" class=\"more-link\">Continuer la lecture de <span class=\"screen-reader-text\">EL DIA DE LOS MUERTOS<\/span>  <span class=\"meta-nav\">&rarr;<\/span><\/a><\/p>\n","protected":false},"author":1,"featured_media":5629,"comment_status":"open","ping_status":"open","sticky":false,"template":"","format":"standard","meta":{"saved_in_kubio":false,"footnotes":""},"categories":[35],"tags":[],"class_list":["post-5627","post","type-post","status-publish","format-standard","has-post-thumbnail","hentry","category-annee-2023-2024"],"_links":{"self":[{"href":"http:\/\/lycee-nisard.fr\/index.php?rest_route=\/wp\/v2\/posts\/5627","targetHints":{"allow":["GET"]}}],"collection":[{"href":"http:\/\/lycee-nisard.fr\/index.php?rest_route=\/wp\/v2\/posts"}],"about":[{"href":"http:\/\/lycee-nisard.fr\/index.php?rest_route=\/wp\/v2\/types\/post"}],"author":[{"embeddable":true,"href":"http:\/\/lycee-nisard.fr\/index.php?rest_route=\/wp\/v2\/users\/1"}],"replies":[{"embeddable":true,"href":"http:\/\/lycee-nisard.fr\/index.php?rest_route=%2Fwp%2Fv2%2Fcomments&post=5627"}],"version-history":[{"count":4,"href":"http:\/\/lycee-nisard.fr\/index.php?rest_route=\/wp\/v2\/posts\/5627\/revisions"}],"predecessor-version":[{"id":6841,"href":"http:\/\/lycee-nisard.fr\/index.php?rest_route=\/wp\/v2\/posts\/5627\/revisions\/6841"}],"wp:featuredmedia":[{"embeddable":true,"href":"http:\/\/lycee-nisard.fr\/index.php?rest_route=\/wp\/v2\/media\/5629"}],"wp:attachment":[{"href":"http:\/\/lycee-nisard.fr\/index.php?rest_route=%2Fwp%2Fv2%2Fmedia&parent=5627"}],"wp:term":[{"taxonomy":"category","embeddable":true,"href":"http:\/\/lycee-nisard.fr\/index.php?rest_route=%2Fwp%2Fv2%2Fcategories&post=5627"},{"taxonomy":"post_tag","embeddable":true,"href":"http:\/\/lycee-nisard.fr\/index.php?rest_route=%2Fwp%2Fv2%2Ftags&post=5627"}],"curies":[{"name":"wp","href":"https:\/\/api.w.org\/{rel}","templated":true}]}}