{"id":5614,"date":"2023-10-18T09:27:02","date_gmt":"2023-10-18T08:27:02","guid":{"rendered":"http:\/\/lycee-nisard.fr\/?p=5614"},"modified":"2025-06-27T12:32:36","modified_gmt":"2025-06-27T11:32:36","slug":"rendez-vous-le-jeudi-12-octobre","status":"publish","type":"post","link":"http:\/\/lycee-nisard.fr\/?p=5614","title":{"rendered":"Octobre rose : D\u00e9fi relev\u00e9"},"content":{"rendered":"\n<p><strong>Cette ann\u00e9e encore la course solidaire a \u00e9t\u00e9 une grande r\u00e9ussite et s&rsquo;annonce tr\u00e8s positive quant au futur ch\u00e8que qui sera libell\u00e9 au nom de l&rsquo;association !<\/strong><\/p>\n\n\n\n<p>Apr\u00e8s une participation active de tous (3 lyc\u00e9es, soit environ 630 \u00e9l\u00e8ves de la 4\u00e8me au BTS), le temps est venu pour les \u00e9l\u00e8ves de r\u00e9colter les dons aupr\u00e8s des parrains et marraines au plus tard le 16 octobre.<\/p>\n\n\n\n<h5 class=\"wp-block-heading has-text-align-center\">Un immense&nbsp;merci&nbsp;\u00e0 tous<\/h5>\n\n\n\n<p>La participation de chacun a \u00e9t\u00e9 essentielle.<br>Un merci particulier \u00e0 la classe de 2nd Sant\u00e9 Social et \u00e0 Karine BRUNE&nbsp;pour avoir g\u00e9r\u00e9 la distribution des documents, aux \u00e9l\u00e8ves de 1\u00e8re pro animation et M. LAFFAGE qui ont particip\u00e9 \u00e0 l&rsquo;organisation et g\u00e9r\u00e9 la course du soir (et aid\u00e9 au rangement du soir, de nuit!) ainsi qu&rsquo;aux coll\u00e8gues qui ont accept\u00e9 de donner de leur temps pour installer, surveiller, encourager, ranger&#8230;<\/p>\n\n\n\n<div class=\"wp-block-group\"><div class=\"wp-block-group__inner-container is-layout-constrained wp-block-group-is-layout-constrained\">\n<figure class=\"wp-block-gallery has-nested-images columns-default is-cropped wp-block-gallery-1 is-layout-flex wp-block-gallery-is-layout-flex\">\n<figure class=\"wp-block-image size-large\"><a href=\"http:\/\/lycee-nisard.fr\/wp-content\/uploads\/2023\/10\/Bastien-scaled.jpg\"><img loading=\"lazy\" decoding=\"async\" width=\"1024\" height=\"683\" data-id=\"5644\" src=\"http:\/\/lycee-nisard.fr\/wp-content\/uploads\/2023\/10\/Bastien-1024x683.jpg\" alt=\"\" class=\"wp-image-5644\" srcset=\"http:\/\/lycee-nisard.fr\/wp-content\/uploads\/2023\/10\/Bastien-1024x683.jpg 1024w, http:\/\/lycee-nisard.fr\/wp-content\/uploads\/2023\/10\/Bastien-300x200.jpg 300w, http:\/\/lycee-nisard.fr\/wp-content\/uploads\/2023\/10\/Bastien-768x512.jpg 768w, http:\/\/lycee-nisard.fr\/wp-content\/uploads\/2023\/10\/Bastien-1536x1024.jpg 1536w, http:\/\/lycee-nisard.fr\/wp-content\/uploads\/2023\/10\/Bastien-2048x1365.jpg 2048w\" sizes=\"(max-width: 1024px) 100vw, 1024px\" \/><\/a><\/figure>\n\n\n\n<figure class=\"wp-block-image size-large\"><a href=\"http:\/\/lycee-nisard.fr\/wp-content\/uploads\/2023\/10\/Berenice-scaled.jpg\"><img loading=\"lazy\" decoding=\"async\" width=\"1024\" height=\"683\" data-id=\"5642\" src=\"http:\/\/lycee-nisard.fr\/wp-content\/uploads\/2023\/10\/Berenice-1024x683.jpg\" alt=\"\" class=\"wp-image-5642\" srcset=\"http:\/\/lycee-nisard.fr\/wp-content\/uploads\/2023\/10\/Berenice-1024x683.jpg 1024w, http:\/\/lycee-nisard.fr\/wp-content\/uploads\/2023\/10\/Berenice-300x200.jpg 300w, http:\/\/lycee-nisard.fr\/wp-content\/uploads\/2023\/10\/Berenice-768x512.jpg 768w, http:\/\/lycee-nisard.fr\/wp-content\/uploads\/2023\/10\/Berenice-1536x1024.jpg 1536w, http:\/\/lycee-nisard.fr\/wp-content\/uploads\/2023\/10\/Berenice-2048x1365.jpg 2048w\" sizes=\"(max-width: 1024px) 100vw, 1024px\" \/><\/a><\/figure>\n\n\n\n<figure class=\"wp-block-image size-large\"><a href=\"http:\/\/lycee-nisard.fr\/wp-content\/uploads\/2023\/10\/Photo6-scaled.jpg\"><img loading=\"lazy\" decoding=\"async\" width=\"1024\" height=\"683\" data-id=\"5640\" src=\"http:\/\/lycee-nisard.fr\/wp-content\/uploads\/2023\/10\/Photo6-1024x683.jpg\" alt=\"\" class=\"wp-image-5640\" srcset=\"http:\/\/lycee-nisard.fr\/wp-content\/uploads\/2023\/10\/Photo6-1024x683.jpg 1024w, http:\/\/lycee-nisard.fr\/wp-content\/uploads\/2023\/10\/Photo6-300x200.jpg 300w, http:\/\/lycee-nisard.fr\/wp-content\/uploads\/2023\/10\/Photo6-768x512.jpg 768w, http:\/\/lycee-nisard.fr\/wp-content\/uploads\/2023\/10\/Photo6-1536x1024.jpg 1536w, http:\/\/lycee-nisard.fr\/wp-content\/uploads\/2023\/10\/Photo6-2048x1365.jpg 2048w\" sizes=\"(max-width: 1024px) 100vw, 1024px\" \/><\/a><\/figure>\n\n\n\n<figure class=\"wp-block-image size-large\"><a href=\"http:\/\/lycee-nisard.fr\/wp-content\/uploads\/2023\/10\/Photo4-scaled.jpg\"><img loading=\"lazy\" decoding=\"async\" width=\"1024\" height=\"683\" data-id=\"5638\" src=\"http:\/\/lycee-nisard.fr\/wp-content\/uploads\/2023\/10\/Photo4-1024x683.jpg\" alt=\"\" class=\"wp-image-5638\" srcset=\"http:\/\/lycee-nisard.fr\/wp-content\/uploads\/2023\/10\/Photo4-1024x683.jpg 1024w, http:\/\/lycee-nisard.fr\/wp-content\/uploads\/2023\/10\/Photo4-300x200.jpg 300w, http:\/\/lycee-nisard.fr\/wp-content\/uploads\/2023\/10\/Photo4-768x512.jpg 768w, http:\/\/lycee-nisard.fr\/wp-content\/uploads\/2023\/10\/Photo4-1536x1024.jpg 1536w, http:\/\/lycee-nisard.fr\/wp-content\/uploads\/2023\/10\/Photo4-2048x1365.jpg 2048w\" sizes=\"(max-width: 1024px) 100vw, 1024px\" \/><\/a><\/figure>\n\n\n\n<figure class=\"wp-block-image size-large\"><a href=\"http:\/\/lycee-nisard.fr\/wp-content\/uploads\/2023\/10\/Photo5-scaled.jpg\"><img loading=\"lazy\" decoding=\"async\" width=\"1024\" height=\"683\" data-id=\"5639\" src=\"http:\/\/lycee-nisard.fr\/wp-content\/uploads\/2023\/10\/Photo5-1024x683.jpg\" alt=\"\" class=\"wp-image-5639\" srcset=\"http:\/\/lycee-nisard.fr\/wp-content\/uploads\/2023\/10\/Photo5-1024x683.jpg 1024w, http:\/\/lycee-nisard.fr\/wp-content\/uploads\/2023\/10\/Photo5-300x200.jpg 300w, http:\/\/lycee-nisard.fr\/wp-content\/uploads\/2023\/10\/Photo5-768x512.jpg 768w, http:\/\/lycee-nisard.fr\/wp-content\/uploads\/2023\/10\/Photo5-1536x1024.jpg 1536w, http:\/\/lycee-nisard.fr\/wp-content\/uploads\/2023\/10\/Photo5-2048x1365.jpg 2048w\" sizes=\"(max-width: 1024px) 100vw, 1024px\" \/><\/a><\/figure>\n\n\n\n<figure class=\"wp-block-image size-large\"><a href=\"http:\/\/lycee-nisard.fr\/wp-content\/uploads\/2023\/10\/Bastien2-scaled.jpg\"><img loading=\"lazy\" decoding=\"async\" width=\"1024\" height=\"683\" data-id=\"5643\" src=\"http:\/\/lycee-nisard.fr\/wp-content\/uploads\/2023\/10\/Bastien2-1024x683.jpg\" alt=\"\" class=\"wp-image-5643\" srcset=\"http:\/\/lycee-nisard.fr\/wp-content\/uploads\/2023\/10\/Bastien2-1024x683.jpg 1024w, http:\/\/lycee-nisard.fr\/wp-content\/uploads\/2023\/10\/Bastien2-300x200.jpg 300w, http:\/\/lycee-nisard.fr\/wp-content\/uploads\/2023\/10\/Bastien2-768x512.jpg 768w, http:\/\/lycee-nisard.fr\/wp-content\/uploads\/2023\/10\/Bastien2-1536x1024.jpg 1536w, http:\/\/lycee-nisard.fr\/wp-content\/uploads\/2023\/10\/Bastien2-2048x1365.jpg 2048w\" sizes=\"(max-width: 1024px) 100vw, 1024px\" \/><\/a><\/figure>\n\n\n\n<figure class=\"wp-block-image size-large\"><a href=\"http:\/\/lycee-nisard.fr\/wp-content\/uploads\/2023\/10\/Photo2-scaled.jpg\"><img loading=\"lazy\" decoding=\"async\" width=\"1024\" height=\"683\" data-id=\"5636\" src=\"http:\/\/lycee-nisard.fr\/wp-content\/uploads\/2023\/10\/Photo2-1024x683.jpg\" alt=\"\" class=\"wp-image-5636\" srcset=\"http:\/\/lycee-nisard.fr\/wp-content\/uploads\/2023\/10\/Photo2-1024x683.jpg 1024w, http:\/\/lycee-nisard.fr\/wp-content\/uploads\/2023\/10\/Photo2-300x200.jpg 300w, http:\/\/lycee-nisard.fr\/wp-content\/uploads\/2023\/10\/Photo2-768x512.jpg 768w, http:\/\/lycee-nisard.fr\/wp-content\/uploads\/2023\/10\/Photo2-1536x1024.jpg 1536w, http:\/\/lycee-nisard.fr\/wp-content\/uploads\/2023\/10\/Photo2-2048x1365.jpg 2048w\" sizes=\"(max-width: 1024px) 100vw, 1024px\" \/><\/a><\/figure>\n\n\n\n<figure class=\"wp-block-image size-large\"><a href=\"http:\/\/lycee-nisard.fr\/wp-content\/uploads\/2023\/10\/ProfEleve-scaled.jpg\"><img loading=\"lazy\" decoding=\"async\" width=\"1024\" height=\"683\" data-id=\"5641\" src=\"http:\/\/lycee-nisard.fr\/wp-content\/uploads\/2023\/10\/ProfEleve-1024x683.jpg\" alt=\"\" class=\"wp-image-5641\" srcset=\"http:\/\/lycee-nisard.fr\/wp-content\/uploads\/2023\/10\/ProfEleve-1024x683.jpg 1024w, http:\/\/lycee-nisard.fr\/wp-content\/uploads\/2023\/10\/ProfEleve-300x200.jpg 300w, http:\/\/lycee-nisard.fr\/wp-content\/uploads\/2023\/10\/ProfEleve-768x512.jpg 768w, http:\/\/lycee-nisard.fr\/wp-content\/uploads\/2023\/10\/ProfEleve-1536x1024.jpg 1536w, http:\/\/lycee-nisard.fr\/wp-content\/uploads\/2023\/10\/ProfEleve-2048x1365.jpg 2048w\" sizes=\"(max-width: 1024px) 100vw, 1024px\" \/><\/a><\/figure>\n\n\n\n<figure class=\"wp-block-image size-large\"><a href=\"http:\/\/lycee-nisard.fr\/wp-content\/uploads\/2023\/10\/Photo1-scaled.jpg\"><img loading=\"lazy\" decoding=\"async\" width=\"1024\" height=\"683\" data-id=\"5635\" src=\"http:\/\/lycee-nisard.fr\/wp-content\/uploads\/2023\/10\/Photo1-1024x683.jpg\" alt=\"\" class=\"wp-image-5635\" srcset=\"http:\/\/lycee-nisard.fr\/wp-content\/uploads\/2023\/10\/Photo1-1024x683.jpg 1024w, http:\/\/lycee-nisard.fr\/wp-content\/uploads\/2023\/10\/Photo1-300x200.jpg 300w, http:\/\/lycee-nisard.fr\/wp-content\/uploads\/2023\/10\/Photo1-768x512.jpg 768w, http:\/\/lycee-nisard.fr\/wp-content\/uploads\/2023\/10\/Photo1-1536x1024.jpg 1536w, http:\/\/lycee-nisard.fr\/wp-content\/uploads\/2023\/10\/Photo1-2048x1365.jpg 2048w\" sizes=\"(max-width: 1024px) 100vw, 1024px\" \/><\/a><\/figure>\n\n\n\n<figure class=\"wp-block-image size-large\"><a href=\"http:\/\/lycee-nisard.fr\/wp-content\/uploads\/2023\/10\/Photo3-scaled.jpg\"><img loading=\"lazy\" decoding=\"async\" width=\"1024\" height=\"683\" data-id=\"5637\" src=\"http:\/\/lycee-nisard.fr\/wp-content\/uploads\/2023\/10\/Photo3-1024x683.jpg\" alt=\"\" class=\"wp-image-5637\" srcset=\"http:\/\/lycee-nisard.fr\/wp-content\/uploads\/2023\/10\/Photo3-1024x683.jpg 1024w, http:\/\/lycee-nisard.fr\/wp-content\/uploads\/2023\/10\/Photo3-300x200.jpg 300w, http:\/\/lycee-nisard.fr\/wp-content\/uploads\/2023\/10\/Photo3-768x512.jpg 768w, http:\/\/lycee-nisard.fr\/wp-content\/uploads\/2023\/10\/Photo3-1536x1024.jpg 1536w, http:\/\/lycee-nisard.fr\/wp-content\/uploads\/2023\/10\/Photo3-2048x1365.jpg 2048w\" sizes=\"(max-width: 1024px) 100vw, 1024px\" \/><\/a><\/figure>\n<\/figure>\n<\/div><\/div>\n\n\n\n<h5 class=\"wp-block-heading has-text-align-center\">Une nouveaut\u00e9 pour cette ann\u00e9e : la course publique.<\/h5>\n\n\n\n<p>Rendez-vous avait \u00e9galement \u00e9t\u00e9 donn\u00e9 de 18h30 \u00e0 19h30 aux personnes souhaitant montrer leur solidarit\u00e9 et participer \u00e0 ce bel \u00e9lan.<br>Men\u00e9e par les \u00e9l\u00e8ves de 1pro ANIMATION, la course a r\u00e9unit  57 coureurs et marcheurs, qui ont su faire preuve de g\u00e9n\u00e9rosit\u00e9. <\/p>\n\n\n\n<figure class=\"wp-block-gallery has-nested-images columns-default is-cropped wp-block-gallery-2 is-layout-flex wp-block-gallery-is-layout-flex\">\n<figure class=\"wp-block-image size-large\"><a href=\"http:\/\/lycee-nisard.fr\/wp-content\/uploads\/2023\/10\/Allan-et-scaled.jpg\"><img loading=\"lazy\" decoding=\"async\" width=\"1024\" height=\"683\" data-id=\"5653\" src=\"http:\/\/lycee-nisard.fr\/wp-content\/uploads\/2023\/10\/Allan-et-1024x683.jpg\" alt=\"\" class=\"wp-image-5653\" srcset=\"http:\/\/lycee-nisard.fr\/wp-content\/uploads\/2023\/10\/Allan-et-1024x683.jpg 1024w, http:\/\/lycee-nisard.fr\/wp-content\/uploads\/2023\/10\/Allan-et-300x200.jpg 300w, http:\/\/lycee-nisard.fr\/wp-content\/uploads\/2023\/10\/Allan-et-768x512.jpg 768w, http:\/\/lycee-nisard.fr\/wp-content\/uploads\/2023\/10\/Allan-et-1536x1024.jpg 1536w, http:\/\/lycee-nisard.fr\/wp-content\/uploads\/2023\/10\/Allan-et-2048x1365.jpg 2048w\" sizes=\"(max-width: 1024px) 100vw, 1024px\" \/><\/a><\/figure>\n\n\n\n<figure class=\"wp-block-image size-large\"><a href=\"http:\/\/lycee-nisard.fr\/wp-content\/uploads\/2023\/10\/GroupePublic-scaled.jpg\"><img loading=\"lazy\" decoding=\"async\" width=\"1024\" height=\"683\" data-id=\"5652\" src=\"http:\/\/lycee-nisard.fr\/wp-content\/uploads\/2023\/10\/GroupePublic-1024x683.jpg\" alt=\"\" class=\"wp-image-5652\" srcset=\"http:\/\/lycee-nisard.fr\/wp-content\/uploads\/2023\/10\/GroupePublic-1024x683.jpg 1024w, http:\/\/lycee-nisard.fr\/wp-content\/uploads\/2023\/10\/GroupePublic-300x200.jpg 300w, http:\/\/lycee-nisard.fr\/wp-content\/uploads\/2023\/10\/GroupePublic-768x512.jpg 768w, http:\/\/lycee-nisard.fr\/wp-content\/uploads\/2023\/10\/GroupePublic-1536x1024.jpg 1536w, http:\/\/lycee-nisard.fr\/wp-content\/uploads\/2023\/10\/GroupePublic-2048x1365.jpg 2048w\" sizes=\"(max-width: 1024px) 100vw, 1024px\" \/><\/a><\/figure>\n<\/figure>\n\n\n\n<h2 class=\"wp-block-heading\"><em>Rendez-vous le jeudi 12 octobre<\/em><\/h2>\n\n\n\n<p><em>Article du 6 octobre 2023<\/em><\/p>\n\n\n\n<p><strong><em>Depuis 3 ans, la course solidaire pour Octobre Rose est devenue un incontournable de la vie du LDN. Cette ann\u00e9e, le jeudi 12 octobre, 620 \u00e9l\u00e8ves des 3 lyc\u00e9es Chatillonnais fouleront la piste du stade Gaston Paris, les pav\u00e9s de l&rsquo;All\u00e9e des Boulangers&nbsp;et les chemins du parc de la Mairie entre 9h15 et 16h30. Toujours dans le m\u00eame objectif : faire un maximum de tours en 1h pour rassembler le plus de dons possibles \u00e0 l&rsquo;intention de la Ligue contre le cancer.<\/em><\/strong><\/p>\n\n\n<div class=\"wp-block-image\">\n<figure class=\"aligncenter size-full\"><a href=\"http:\/\/lycee-nisard.fr\/wp-content\/uploads\/2023\/10\/AfficheScolaires.png\"><img loading=\"lazy\" decoding=\"async\" width=\"645\" height=\"912\" src=\"http:\/\/lycee-nisard.fr\/wp-content\/uploads\/2023\/10\/AfficheScolaires.png\" alt=\"\" class=\"wp-image-5621\" srcset=\"http:\/\/lycee-nisard.fr\/wp-content\/uploads\/2023\/10\/AfficheScolaires.png 645w, http:\/\/lycee-nisard.fr\/wp-content\/uploads\/2023\/10\/AfficheScolaires-212x300.png 212w\" sizes=\"(max-width: 645px) 100vw, 645px\" \/><\/a><\/figure>\n<\/div>\n\n\n<p><em>Mais nous avons d\u00e9cid\u00e9 de faire encore mieux cette ann\u00e9e en ouvrant une course tout public qui se d\u00e9roulera de 18h30 \u00e0 19h30 ce m\u00eame jour. Accueil \u00e0 partir de 18h, dons libres. Elle est organis\u00e9e par les \u00e9l\u00e8ves de 1\u00e8re professionnelle section ANIMATION alors nous vous attendons \u00e9videmment tr\u00e8s nombreux pour r\u00e9colter un max de fonds pour la bonne cause !<\/em><\/p>\n\n\n<div class=\"wp-block-image\">\n<figure class=\"aligncenter size-full\"><a href=\"http:\/\/lycee-nisard.fr\/wp-content\/uploads\/2023\/10\/Affiche.png\"><img loading=\"lazy\" decoding=\"async\" width=\"528\" height=\"751\" src=\"http:\/\/lycee-nisard.fr\/wp-content\/uploads\/2023\/10\/Affiche.png\" alt=\"\" class=\"wp-image-5616\" srcset=\"http:\/\/lycee-nisard.fr\/wp-content\/uploads\/2023\/10\/Affiche.png 528w, http:\/\/lycee-nisard.fr\/wp-content\/uploads\/2023\/10\/Affiche-211x300.png 211w\" sizes=\"(max-width: 528px) 100vw, 528px\" \/><\/a><\/figure>\n<\/div>\n\n\n<p><strong>DRESS CODE ROSE (facultatif)<\/strong><\/p>\n","protected":false},"excerpt":{"rendered":"<p>Cette ann\u00e9e encore la course solidaire a \u00e9t\u00e9 une grande r\u00e9ussite et s&rsquo;annonce tr\u00e8s positive quant au futur ch\u00e8que qui sera libell\u00e9 au nom de l&rsquo;association ! Apr\u00e8s une participation active de tous (3 lyc\u00e9es, soit environ 630 \u00e9l\u00e8ves de la 4\u00e8me au BTS), le temps est venu pour les \u00e9l\u00e8ves de r\u00e9colter les dons &hellip; <a href=\"http:\/\/lycee-nisard.fr\/?p=5614\" class=\"more-link\">Continuer la lecture de <span class=\"screen-reader-text\">Octobre rose : D\u00e9fi relev\u00e9<\/span>  <span class=\"meta-nav\">&rarr;<\/span><\/a><\/p>\n","protected":false},"author":1,"featured_media":5637,"comment_status":"open","ping_status":"open","sticky":false,"template":"","format":"standard","meta":{"saved_in_kubio":false,"footnotes":""},"categories":[35],"tags":[],"class_list":["post-5614","post","type-post","status-publish","format-standard","has-post-thumbnail","hentry","category-annee-2023-2024"],"_links":{"self":[{"href":"http:\/\/lycee-nisard.fr\/index.php?rest_route=\/wp\/v2\/posts\/5614","targetHints":{"allow":["GET"]}}],"collection":[{"href":"http:\/\/lycee-nisard.fr\/index.php?rest_route=\/wp\/v2\/posts"}],"about":[{"href":"http:\/\/lycee-nisard.fr\/index.php?rest_route=\/wp\/v2\/types\/post"}],"author":[{"embeddable":true,"href":"http:\/\/lycee-nisard.fr\/index.php?rest_route=\/wp\/v2\/users\/1"}],"replies":[{"embeddable":true,"href":"http:\/\/lycee-nisard.fr\/index.php?rest_route=%2Fwp%2Fv2%2Fcomments&post=5614"}],"version-history":[{"count":12,"href":"http:\/\/lycee-nisard.fr\/index.php?rest_route=\/wp\/v2\/posts\/5614\/revisions"}],"predecessor-version":[{"id":6839,"href":"http:\/\/lycee-nisard.fr\/index.php?rest_route=\/wp\/v2\/posts\/5614\/revisions\/6839"}],"wp:featuredmedia":[{"embeddable":true,"href":"http:\/\/lycee-nisard.fr\/index.php?rest_route=\/wp\/v2\/media\/5637"}],"wp:attachment":[{"href":"http:\/\/lycee-nisard.fr\/index.php?rest_route=%2Fwp%2Fv2%2Fmedia&parent=5614"}],"wp:term":[{"taxonomy":"category","embeddable":true,"href":"http:\/\/lycee-nisard.fr\/index.php?rest_route=%2Fwp%2Fv2%2Fcategories&post=5614"},{"taxonomy":"post_tag","embeddable":true,"href":"http:\/\/lycee-nisard.fr\/index.php?rest_route=%2Fwp%2Fv2%2Ftags&post=5614"}],"curies":[{"name":"wp","href":"https:\/\/api.w.org\/{rel}","templated":true}]}}