{"id":5599,"date":"2023-09-22T09:30:23","date_gmt":"2023-09-22T08:30:23","guid":{"rendered":"http:\/\/lycee-nisard.fr\/?p=5599"},"modified":"2025-06-27T12:32:36","modified_gmt":"2025-06-27T11:32:36","slug":"reprise-de-latelier-theatre","status":"publish","type":"post","link":"http:\/\/lycee-nisard.fr\/?p=5599","title":{"rendered":"Reprise de l&rsquo;atelier th\u00e9\u00e2tre"},"content":{"rendered":"\n<h4 class=\"wp-block-heading\"><strong>Oyez, oyez les com\u00e9diens dans l&rsquo;\u00e2me !<\/strong><\/h4>\n\n\n\n<p>Le <strong><em>mercredi 27 septembre<\/em><\/strong> \u00e0 <em><strong>13h30<\/strong><\/em>, c&rsquo;est la rentr\u00e9e pour les amoureux du th\u00e9\u00e2tre.<\/p>\n\n\n\n<p>Rendez-vous \u00e0 la <strong><em>salle Kiki de Montparnasse<\/em><\/strong> pour d\u00e9buter une nouvelle saison.<\/p>\n\n\n<div class=\"wp-block-image\">\n<figure class=\"aligncenter size-medium\"><a href=\"http:\/\/lycee-nisard.fr\/wp-content\/uploads\/2023\/09\/IMG_20230203_211801-scaled.jpg\"><img loading=\"lazy\" decoding=\"async\" width=\"300\" height=\"225\" src=\"http:\/\/lycee-nisard.fr\/wp-content\/uploads\/2023\/09\/IMG_20230203_211801-300x225.jpg\" alt=\"\" class=\"wp-image-5601\" srcset=\"http:\/\/lycee-nisard.fr\/wp-content\/uploads\/2023\/09\/IMG_20230203_211801-300x225.jpg 300w, http:\/\/lycee-nisard.fr\/wp-content\/uploads\/2023\/09\/IMG_20230203_211801-1024x768.jpg 1024w, http:\/\/lycee-nisard.fr\/wp-content\/uploads\/2023\/09\/IMG_20230203_211801-768x576.jpg 768w, http:\/\/lycee-nisard.fr\/wp-content\/uploads\/2023\/09\/IMG_20230203_211801-1536x1152.jpg 1536w, http:\/\/lycee-nisard.fr\/wp-content\/uploads\/2023\/09\/IMG_20230203_211801-2048x1536.jpg 2048w\" sizes=\"(max-width: 300px) 100vw, 300px\" \/><\/a><figcaption class=\"wp-element-caption\">Souvenir d&rsquo;une fin de repr\u00e9sentation en f\u00e9vrier dernier !<\/figcaption><\/figure>\n<\/div>","protected":false},"excerpt":{"rendered":"<p>Oyez, oyez les com\u00e9diens dans l&rsquo;\u00e2me ! Le mercredi 27 septembre \u00e0 13h30, c&rsquo;est la rentr\u00e9e pour les amoureux du th\u00e9\u00e2tre. Rendez-vous \u00e0 la salle Kiki de Montparnasse pour d\u00e9buter une nouvelle saison.<\/p>\n","protected":false},"author":1,"featured_media":5600,"comment_status":"open","ping_status":"open","sticky":false,"template":"","format":"standard","meta":{"saved_in_kubio":false,"footnotes":""},"categories":[35],"tags":[],"class_list":["post-5599","post","type-post","status-publish","format-standard","has-post-thumbnail","hentry","category-annee-2023-2024"],"_links":{"self":[{"href":"http:\/\/lycee-nisard.fr\/index.php?rest_route=\/wp\/v2\/posts\/5599","targetHints":{"allow":["GET"]}}],"collection":[{"href":"http:\/\/lycee-nisard.fr\/index.php?rest_route=\/wp\/v2\/posts"}],"about":[{"href":"http:\/\/lycee-nisard.fr\/index.php?rest_route=\/wp\/v2\/types\/post"}],"author":[{"embeddable":true,"href":"http:\/\/lycee-nisard.fr\/index.php?rest_route=\/wp\/v2\/users\/1"}],"replies":[{"embeddable":true,"href":"http:\/\/lycee-nisard.fr\/index.php?rest_route=%2Fwp%2Fv2%2Fcomments&post=5599"}],"version-history":[{"count":2,"href":"http:\/\/lycee-nisard.fr\/index.php?rest_route=\/wp\/v2\/posts\/5599\/revisions"}],"predecessor-version":[{"id":5603,"href":"http:\/\/lycee-nisard.fr\/index.php?rest_route=\/wp\/v2\/posts\/5599\/revisions\/5603"}],"wp:featuredmedia":[{"embeddable":true,"href":"http:\/\/lycee-nisard.fr\/index.php?rest_route=\/wp\/v2\/media\/5600"}],"wp:attachment":[{"href":"http:\/\/lycee-nisard.fr\/index.php?rest_route=%2Fwp%2Fv2%2Fmedia&parent=5599"}],"wp:term":[{"taxonomy":"category","embeddable":true,"href":"http:\/\/lycee-nisard.fr\/index.php?rest_route=%2Fwp%2Fv2%2Fcategories&post=5599"},{"taxonomy":"post_tag","embeddable":true,"href":"http:\/\/lycee-nisard.fr\/index.php?rest_route=%2Fwp%2Fv2%2Ftags&post=5599"}],"curies":[{"name":"wp","href":"https:\/\/api.w.org\/{rel}","templated":true}]}}