{"id":5594,"date":"2023-09-21T07:41:26","date_gmt":"2023-09-21T06:41:26","guid":{"rendered":"http:\/\/lycee-nisard.fr\/?p=5594"},"modified":"2025-06-27T12:32:36","modified_gmt":"2025-06-27T11:32:36","slug":"une-experience-a-tenter","status":"publish","type":"post","link":"http:\/\/lycee-nisard.fr\/?p=5594","title":{"rendered":"Une exp\u00e9rience \u00e0 tenter !"},"content":{"rendered":"\n<p>Le lyc\u00e9e accompagne pour la troisi\u00e8me ann\u00e9e cons\u00e9cutive les lyc\u00e9ens qui souhaitent se pr\u00e9senter au concours d&rsquo;\u00e9loquence organis\u00e9 par le Lions Club.<br><br>Le th\u00e8me de cette ann\u00e9e est : \u00ab\u00a0<strong>Qui n&rsquo;a jamais p\u00e9tri et enfourn\u00e9 ne  connait point ce que co\u00fbte le pain<\/strong>\u00a0\u00bb Bernard CLAVEL (1923 &#8211; 2010)<\/p>\n\n\n\n<p>Tous les \u00e9l\u00e8ves d\u00e9sireux de construire un discours sur ce th\u00e8me et de le pr\u00e9senter devant un jury sont invit\u00e9s \u00e0 s&rsquo;inscrire sur les affiches au CDI ou sous le pr\u00e9au.<br><br>Des enseignants volontaires et bienveillants (M. Boissieu, Mme Siri et M. Kromicheff) les accompagneront pour les pr\u00e9parer \u00e0 cet exercice de l&rsquo;\u00e9loquence, tr\u00e8s formateur, tant pour l&rsquo;\u00e9preuve du grand oral en terminale que pour la prise de parole dans les situations quotidiennes.<\/p>\n\n\n<div class=\"wp-block-image\">\n<figure class=\"aligncenter size-full\"><a href=\"http:\/\/lycee-nisard.fr\/wp-content\/uploads\/2023\/09\/Affiche-1.png\"><img loading=\"lazy\" decoding=\"async\" width=\"337\" height=\"475\" src=\"http:\/\/lycee-nisard.fr\/wp-content\/uploads\/2023\/09\/Affiche-1.png\" alt=\"\" class=\"wp-image-5597\" srcset=\"http:\/\/lycee-nisard.fr\/wp-content\/uploads\/2023\/09\/Affiche-1.png 337w, http:\/\/lycee-nisard.fr\/wp-content\/uploads\/2023\/09\/Affiche-1-213x300.png 213w\" sizes=\"(max-width: 337px) 100vw, 337px\" \/><\/a><\/figure>\n<\/div>","protected":false},"excerpt":{"rendered":"<p>Le lyc\u00e9e accompagne pour la troisi\u00e8me ann\u00e9e cons\u00e9cutive les lyc\u00e9ens qui souhaitent se pr\u00e9senter au concours d&rsquo;\u00e9loquence organis\u00e9 par le Lions Club. Le th\u00e8me de cette ann\u00e9e est : \u00ab\u00a0Qui n&rsquo;a jamais p\u00e9tri et enfourn\u00e9 ne connait point ce que co\u00fbte le pain\u00a0\u00bb Bernard CLAVEL (1923 &#8211; 2010) Tous les \u00e9l\u00e8ves d\u00e9sireux de construire un &hellip; <a href=\"http:\/\/lycee-nisard.fr\/?p=5594\" class=\"more-link\">Continuer la lecture de <span class=\"screen-reader-text\">Une exp\u00e9rience \u00e0 tenter !<\/span>  <span class=\"meta-nav\">&rarr;<\/span><\/a><\/p>\n","protected":false},"author":1,"featured_media":5595,"comment_status":"open","ping_status":"open","sticky":false,"template":"","format":"standard","meta":{"saved_in_kubio":false,"footnotes":""},"categories":[35],"tags":[],"class_list":["post-5594","post","type-post","status-publish","format-standard","has-post-thumbnail","hentry","category-annee-2023-2024"],"_links":{"self":[{"href":"http:\/\/lycee-nisard.fr\/index.php?rest_route=\/wp\/v2\/posts\/5594","targetHints":{"allow":["GET"]}}],"collection":[{"href":"http:\/\/lycee-nisard.fr\/index.php?rest_route=\/wp\/v2\/posts"}],"about":[{"href":"http:\/\/lycee-nisard.fr\/index.php?rest_route=\/wp\/v2\/types\/post"}],"author":[{"embeddable":true,"href":"http:\/\/lycee-nisard.fr\/index.php?rest_route=\/wp\/v2\/users\/1"}],"replies":[{"embeddable":true,"href":"http:\/\/lycee-nisard.fr\/index.php?rest_route=%2Fwp%2Fv2%2Fcomments&post=5594"}],"version-history":[{"count":1,"href":"http:\/\/lycee-nisard.fr\/index.php?rest_route=\/wp\/v2\/posts\/5594\/revisions"}],"predecessor-version":[{"id":5598,"href":"http:\/\/lycee-nisard.fr\/index.php?rest_route=\/wp\/v2\/posts\/5594\/revisions\/5598"}],"wp:featuredmedia":[{"embeddable":true,"href":"http:\/\/lycee-nisard.fr\/index.php?rest_route=\/wp\/v2\/media\/5595"}],"wp:attachment":[{"href":"http:\/\/lycee-nisard.fr\/index.php?rest_route=%2Fwp%2Fv2%2Fmedia&parent=5594"}],"wp:term":[{"taxonomy":"category","embeddable":true,"href":"http:\/\/lycee-nisard.fr\/index.php?rest_route=%2Fwp%2Fv2%2Fcategories&post=5594"},{"taxonomy":"post_tag","embeddable":true,"href":"http:\/\/lycee-nisard.fr\/index.php?rest_route=%2Fwp%2Fv2%2Ftags&post=5594"}],"curies":[{"name":"wp","href":"https:\/\/api.w.org\/{rel}","templated":true}]}}