{"id":5569,"date":"2023-08-31T16:01:02","date_gmt":"2023-08-31T15:01:02","guid":{"rendered":"http:\/\/lycee-nisard.fr\/?p=5569"},"modified":"2025-06-27T12:32:36","modified_gmt":"2025-06-27T11:32:36","slug":"organisation-de-la-journee-de-rentree","status":"publish","type":"post","link":"http:\/\/lycee-nisard.fr\/?p=5569","title":{"rendered":"Organisation de la journ\u00e9e de rentr\u00e9e"},"content":{"rendered":"\n<p>La rentr\u00e9e des \u00e9l\u00e8ves se fera le lundi 4 septembre 2023 selon les horaires ci-dessous :<\/p>\n\n\n\n<figure class=\"wp-block-image size-large\"><a href=\"http:\/\/lycee-nisard.fr\/wp-content\/uploads\/2023\/08\/HorairesRentree.png\"><img loading=\"lazy\" decoding=\"async\" width=\"1024\" height=\"409\" src=\"http:\/\/lycee-nisard.fr\/wp-content\/uploads\/2023\/08\/HorairesRentree-1024x409.png\" alt=\"\" class=\"wp-image-5572\" srcset=\"http:\/\/lycee-nisard.fr\/wp-content\/uploads\/2023\/08\/HorairesRentree-1024x409.png 1024w, http:\/\/lycee-nisard.fr\/wp-content\/uploads\/2023\/08\/HorairesRentree-300x120.png 300w, http:\/\/lycee-nisard.fr\/wp-content\/uploads\/2023\/08\/HorairesRentree-768x307.png 768w, http:\/\/lycee-nisard.fr\/wp-content\/uploads\/2023\/08\/HorairesRentree.png 1155w\" sizes=\"(max-width: 1024px) 100vw, 1024px\" \/><\/a><\/figure>\n","protected":false},"excerpt":{"rendered":"<p>La rentr\u00e9e des \u00e9l\u00e8ves se fera le lundi 4 septembre 2023 selon les horaires ci-dessous :<\/p>\n","protected":false},"author":1,"featured_media":5574,"comment_status":"open","ping_status":"open","sticky":false,"template":"","format":"standard","meta":{"saved_in_kubio":false,"footnotes":""},"categories":[35],"tags":[],"class_list":["post-5569","post","type-post","status-publish","format-standard","has-post-thumbnail","hentry","category-annee-2023-2024"],"_links":{"self":[{"href":"http:\/\/lycee-nisard.fr\/index.php?rest_route=\/wp\/v2\/posts\/5569","targetHints":{"allow":["GET"]}}],"collection":[{"href":"http:\/\/lycee-nisard.fr\/index.php?rest_route=\/wp\/v2\/posts"}],"about":[{"href":"http:\/\/lycee-nisard.fr\/index.php?rest_route=\/wp\/v2\/types\/post"}],"author":[{"embeddable":true,"href":"http:\/\/lycee-nisard.fr\/index.php?rest_route=\/wp\/v2\/users\/1"}],"replies":[{"embeddable":true,"href":"http:\/\/lycee-nisard.fr\/index.php?rest_route=%2Fwp%2Fv2%2Fcomments&post=5569"}],"version-history":[{"count":1,"href":"http:\/\/lycee-nisard.fr\/index.php?rest_route=\/wp\/v2\/posts\/5569\/revisions"}],"predecessor-version":[{"id":5573,"href":"http:\/\/lycee-nisard.fr\/index.php?rest_route=\/wp\/v2\/posts\/5569\/revisions\/5573"}],"wp:featuredmedia":[{"embeddable":true,"href":"http:\/\/lycee-nisard.fr\/index.php?rest_route=\/wp\/v2\/media\/5574"}],"wp:attachment":[{"href":"http:\/\/lycee-nisard.fr\/index.php?rest_route=%2Fwp%2Fv2%2Fmedia&parent=5569"}],"wp:term":[{"taxonomy":"category","embeddable":true,"href":"http:\/\/lycee-nisard.fr\/index.php?rest_route=%2Fwp%2Fv2%2Fcategories&post=5569"},{"taxonomy":"post_tag","embeddable":true,"href":"http:\/\/lycee-nisard.fr\/index.php?rest_route=%2Fwp%2Fv2%2Ftags&post=5569"}],"curies":[{"name":"wp","href":"https:\/\/api.w.org\/{rel}","templated":true}]}}