{"id":5536,"date":"2023-06-30T11:57:04","date_gmt":"2023-06-30T10:57:04","guid":{"rendered":"http:\/\/lycee-nisard.fr\/?p=5536"},"modified":"2025-06-27T12:30:20","modified_gmt":"2025-06-27T11:30:20","slug":"lecole-de-la-vie","status":"publish","type":"post","link":"http:\/\/lycee-nisard.fr\/?p=5536","title":{"rendered":"A l&rsquo;\u00e9coute d&rsquo;Interclass&rsquo;"},"content":{"rendered":"\n<p>Tous les dimanches entre 15h et 16h, vous entendrez de nombreux reportages r\u00e9alis\u00e9s par des \u00e9l\u00e8ves, dont ceux du LDN !<\/p>\n\n\n\n<h4 class=\"wp-block-heading\">Le programme de l&rsquo;\u00e9t\u00e9 : <\/h4>\n\n\n\n<ul class=\"wp-block-list\"><li>9 juillet. <strong>Le rapport \u00e0 la violence<\/strong><\/li><li>16 juillet.\u00a0<strong>Le fait ou la croyance<\/strong><\/li><li>23 juillet.\u00a0<strong>Le sport pour voir en grand<\/strong><\/li><li>30 juillet.\u00a0<strong>Les valeurs<\/strong><\/li><li>6 aout. <strong>Quelle relation \u00e0 la culture et \u00e0 la mode\u00a0?<\/strong><\/li><li>13 aout. <strong>Comment penser son temps libre\u00a0?<\/strong><\/li><li>Le 20 aout.<strong> Les hommes et les femmes<\/strong><\/li><li>Le 27 aout.<strong> Social, as-tu un avenir\u00a0?<\/strong><\/li><\/ul>\n\n\n\n<p>Bonne \u00e9coute, et si vous avez manqu\u00e9 la premi\u00e8re \u00e9mission, vous pouvez la r\u00e9\u00e9couter en cliquant sur ce lien : <a href=\"https:\/\/www.radiofrance.fr\/franceinter\/podcasts\/interclass\/interclass-du-dimanche-02-juillet-2023-8965898\">Emission du 2 Juillet &#8211; L&rsquo;Ecole de la vie<\/a><\/p>\n","protected":false},"excerpt":{"rendered":"<p>Tous les dimanches entre 15h et 16h, vous entendrez de nombreux reportages r\u00e9alis\u00e9s par des \u00e9l\u00e8ves, dont ceux du LDN ! Le programme de l&rsquo;\u00e9t\u00e9 : 9 juillet. Le rapport \u00e0 la violence 16 juillet.\u00a0Le fait ou la croyance 23 juillet.\u00a0Le sport pour voir en grand 30 juillet.\u00a0Les valeurs 6 aout. Quelle relation \u00e0 la &hellip; <a href=\"http:\/\/lycee-nisard.fr\/?p=5536\" class=\"more-link\">Continuer la lecture de <span class=\"screen-reader-text\">A l&rsquo;\u00e9coute d&rsquo;Interclass&rsquo;<\/span>  <span class=\"meta-nav\">&rarr;<\/span><\/a><\/p>\n","protected":false},"author":1,"featured_media":5548,"comment_status":"open","ping_status":"open","sticky":false,"template":"","format":"standard","meta":{"saved_in_kubio":false,"footnotes":""},"categories":[34],"tags":[],"class_list":["post-5536","post","type-post","status-publish","format-standard","has-post-thumbnail","hentry","category-annees-2020-2023"],"_links":{"self":[{"href":"http:\/\/lycee-nisard.fr\/index.php?rest_route=\/wp\/v2\/posts\/5536","targetHints":{"allow":["GET"]}}],"collection":[{"href":"http:\/\/lycee-nisard.fr\/index.php?rest_route=\/wp\/v2\/posts"}],"about":[{"href":"http:\/\/lycee-nisard.fr\/index.php?rest_route=\/wp\/v2\/types\/post"}],"author":[{"embeddable":true,"href":"http:\/\/lycee-nisard.fr\/index.php?rest_route=\/wp\/v2\/users\/1"}],"replies":[{"embeddable":true,"href":"http:\/\/lycee-nisard.fr\/index.php?rest_route=%2Fwp%2Fv2%2Fcomments&post=5536"}],"version-history":[{"count":4,"href":"http:\/\/lycee-nisard.fr\/index.php?rest_route=\/wp\/v2\/posts\/5536\/revisions"}],"predecessor-version":[{"id":5545,"href":"http:\/\/lycee-nisard.fr\/index.php?rest_route=\/wp\/v2\/posts\/5536\/revisions\/5545"}],"wp:featuredmedia":[{"embeddable":true,"href":"http:\/\/lycee-nisard.fr\/index.php?rest_route=\/wp\/v2\/media\/5548"}],"wp:attachment":[{"href":"http:\/\/lycee-nisard.fr\/index.php?rest_route=%2Fwp%2Fv2%2Fmedia&parent=5536"}],"wp:term":[{"taxonomy":"category","embeddable":true,"href":"http:\/\/lycee-nisard.fr\/index.php?rest_route=%2Fwp%2Fv2%2Fcategories&post=5536"},{"taxonomy":"post_tag","embeddable":true,"href":"http:\/\/lycee-nisard.fr\/index.php?rest_route=%2Fwp%2Fv2%2Ftags&post=5536"}],"curies":[{"name":"wp","href":"https:\/\/api.w.org\/{rel}","templated":true}]}}