{"id":5510,"date":"2023-06-20T11:14:39","date_gmt":"2023-06-20T10:14:39","guid":{"rendered":"http:\/\/lycee-nisard.fr\/?p=5510"},"modified":"2025-06-27T12:30:20","modified_gmt":"2025-06-27T11:30:20","slug":"la-team-ldn-renoue-avec-le-top-niveau-national","status":"publish","type":"post","link":"http:\/\/lycee-nisard.fr\/?p=5510","title":{"rendered":"La team LDN renoue avec le top niveau national"},"content":{"rendered":"\n<p>Une fin de saison bien charg\u00e9e et riche en r\u00e9sultats pour la team LDN. <\/p>\n\n\n\n<p>Les mois de mai et juin ont permis au lyc\u00e9e Desir\u00e9 Nisard de s\u2019exprimer sur trois championnats de France et de mettre \u00e0 profit les nombreux entra\u00eenements. <br>Apr\u00e8s les titres de champion d\u2019acad\u00e9mie en Course d\u2019orientation et en raid multisports, des jeunes sportifs de l\u2019option EPS ainsi que des membres de la section sportive ont \u00e9t\u00e9 s\u00e9lectionn\u00e9s  pour repr\u00e9senter les couleurs du Pays Ch\u00e2tillonnais. <\/p>\n\n\n\n<h3 class=\"wp-block-heading\">Le championnat de France de course d&rsquo;orientation UNSS<\/h3>\n\n\n\n<figure class=\"wp-block-image\"><img loading=\"lazy\" decoding=\"async\" width=\"1024\" height=\"768\" src=\"http:\/\/lycee-nisard.fr\/wp-content\/uploads\/2023\/06\/F60D9067-6272-48DB-9F9B-DB638CFFEE64-1024x768.jpeg\" alt=\"\" class=\"wp-image-5513\" srcset=\"http:\/\/lycee-nisard.fr\/wp-content\/uploads\/2023\/06\/F60D9067-6272-48DB-9F9B-DB638CFFEE64-1024x768.jpeg 1024w, http:\/\/lycee-nisard.fr\/wp-content\/uploads\/2023\/06\/F60D9067-6272-48DB-9F9B-DB638CFFEE64-300x225.jpeg 300w, http:\/\/lycee-nisard.fr\/wp-content\/uploads\/2023\/06\/F60D9067-6272-48DB-9F9B-DB638CFFEE64-768x576.jpeg 768w, http:\/\/lycee-nisard.fr\/wp-content\/uploads\/2023\/06\/F60D9067-6272-48DB-9F9B-DB638CFFEE64.jpeg 1440w\" sizes=\"(max-width: 1024px) 100vw, 1024px\" \/><\/figure>\n\n\n\n<p><strong>Bessat (42) du 31mai au 1er juin<\/strong>. F\u00e9licien SIRI, Tim\u00e9o BENOIST, Eline NUGUES et Bastien DARPENTIGNY ont r\u00e9alis\u00e9 une belle premi\u00e8re journ\u00e9e en se pla\u00e7ant \u00e0 la 7\u00e8me place au classement provisoire apr\u00e8s l\u2019\u00e9preuve du relais. La seconde journ\u00e9e sera cependant plus compliqu\u00e9e pour nos quatre comp\u00e9titeurs suite \u00e0 une erreur de r\u00e9partition des balises. Un oubli de balise qui leur co\u00fbte cher car ils termineront finalement \u00e0 la <strong><em>17\u00e8me place du classement cat\u00e9gorie lyc\u00e9e \u00e9tablissement.<\/em><\/strong><\/p>\n\n\n\n<h3 class=\"wp-block-heading\">Le championnat de France de raid multisports UNSS<\/h3>\n\n\n\n<figure class=\"wp-block-image\"><img loading=\"lazy\" decoding=\"async\" width=\"1024\" height=\"768\" src=\"http:\/\/lycee-nisard.fr\/wp-content\/uploads\/2023\/06\/1C9B86FE-71C0-450F-80AE-D485174C0A53-1024x768.jpeg\" alt=\"\" class=\"wp-image-5514\" srcset=\"http:\/\/lycee-nisard.fr\/wp-content\/uploads\/2023\/06\/1C9B86FE-71C0-450F-80AE-D485174C0A53-1024x768.jpeg 1024w, http:\/\/lycee-nisard.fr\/wp-content\/uploads\/2023\/06\/1C9B86FE-71C0-450F-80AE-D485174C0A53-300x225.jpeg 300w, http:\/\/lycee-nisard.fr\/wp-content\/uploads\/2023\/06\/1C9B86FE-71C0-450F-80AE-D485174C0A53-768x576.jpeg 768w\" sizes=\"(max-width: 1024px) 100vw, 1024px\" \/><\/figure>\n\n\n\n<p><strong>Dans l\u2019Essonne \u00e0 \u00c9tr\u00e9chy, les 6,7 et 8 juin, une soixantaine d\u2019\u00e9quipes qualifi\u00e9es pour le championnat sont venues des 4 coins de l\u2019hexagone pour concourir.<\/strong><br>Apr\u00e8s avoir obtenu successivement de multiples podiums en VTT, l\u2019\u00e9quipe LDN va s\u2019offrir un nouveau podium \u00e0 son palmar\u00e8s, souvent convoit\u00e9 mais difficile \u00e0 obtenir notamment dans la cat\u00e9gorie lyc\u00e9e excellence. <br><strong>Mais ils l&rsquo;ont fait !<\/strong><\/p>\n\n\n\n<p>Dans la course, d\u00e8s le prologue de 15 km,  Elisa COLLOMBIER POCHARD , Thomas FAURE, Gaspard TROCQ HORD\u00c9 et Louis RATTON ont su \u00eatre \u00e0 la hauteur de leurs adversaires, en int\u00e9grant le top 5 au scratch. <\/p>\n\n\n\n<p>La seconde journ\u00e9e fut plus rude et pleine de rebondissements. Au programme des 60 km de course, beaucoup d\u2019orientation, du trail, du VTT, du tir laser et du  roller d\u00e9coup\u00e9s en plusieurs tron\u00e7ons. Bien dans le rythme jusqu\u2019\u00e0 mi parcours, nos Chatillonnais ont accus\u00e9 un gros coup de chaud suite aux fortes chaleurs. <br> Une course d\u2019orientation tr\u00e8s moyenne les d\u00e9croche du peloton de t\u00eate et plusieurs crevaisons vont les faire r\u00e9trograder. Ambiance des mauvais jours et en fin de journ\u00e9e la team LDN pointe dor\u00e9navant \u00e0 la 13 place au scratch. <br> Cette place est loin de convenir \u00e0 nos raideurs, le ma\u00eetre mot de la soir\u00e9e est r\u00e9cup\u00e9ration et concentration. <\/p>\n\n\n\n<p>Sur les activit\u00e9s d\u2019endurance et notamment en raid multisports les choses ne sont jamais jou\u00e9es tant que la ligne d\u2019arriv\u00e9e n\u2019est pas franchie avec l\u2019ensemble des postes de contr\u00f4le. <\/p>\n\n\n\n<p>Ce championnat de France comprenant trois journ\u00e9es, la team LDN comptait bien en d\u00e9coudre sur la derni\u00e8re \u00e9tape. <\/p>\n\n\n\n<p>Apr\u00e8s une troisi\u00e8me journ\u00e9e tr\u00e8s longue et fatigante de 56 km, cette journ\u00e9e va permettre aux 4 jeunes de faire une remont\u00e9e d\u00e8s la premi\u00e8re section de la journ\u00e9e. Sans perdre confiance en eux et avec une forte entraide, ils franchissent l\u2019arche d\u2019arriv\u00e9e en <strong><em>2\u00e8me position dans la cat\u00e9gorie lyc\u00e9e excellence, e<\/em><\/strong><strong><em>t d\u00e9crochent le titre de vice champion de France UNSS.<\/em><\/strong> <\/p>\n\n\n\n<p><strong>Au cours de ce championnat, l\u2019arbitre B\u00e9r\u00e9nice MAZUREK du lyc\u00e9e Desir\u00e9 NISARD sera \u00e9lue jeune arbitre national compte tenu de sa prestation. <\/strong><\/p>\n\n\n\n<p>Apr\u00e8s une \u00e9volution d\u2019activit\u00e9 en 2011 passant du VTT au raid multisports et la cr\u00e9ation d\u2019une section sportive scolaire, ce titre de Vice Champion de France permet au lyc\u00e9e Desire NISARD de renou\u00e9 avec les podiums nationaux UNSS. <br> \u00ab\u00a0<em>Ce r\u00e9sultat est le fruit, cette ann\u00e9e, d\u2019un groupe impliqu\u00e9, solidaire et tr\u00e8s volontaire. Il est aussi la r\u00e9compense d\u2019un travail acharn\u00e9 car ce r\u00e9sultat est aussi le fruit d\u2019une forte et saine \u00e9mulation au sein de ce groupe de jeunes, compos\u00e9 de 11 membres<\/em>.\u00a0\u00bb dixit Franck RATTON. <\/p>\n\n\n\n<h2 class=\"wp-block-heading\">D&rsquo;autres bons r\u00e9sultats<\/h2>\n\n\n\n<p>A noter aussi en d\u00e9but mai, les excellents r\u00e9sultats dans les hautes Alpes \u00e0 Ancelle de la team LDN qui \u00e9tait d\u00e9j\u00e0 pr\u00e9sente sur un podium national f\u00e9d\u00e9ral dans cette m\u00eame activit\u00e9. Gaspard TROCQ HORD\u00c9 et Thomas FAURE obtiennent une magnifique <strong><em>3\u00e8me place en cat\u00e9gorie cadets gar\u00e7ons<\/em><\/strong>. <\/p>\n\n\n\n<figure class=\"wp-block-image\"><img loading=\"lazy\" decoding=\"async\" width=\"768\" height=\"1024\" src=\"http:\/\/lycee-nisard.fr\/wp-content\/uploads\/2023\/06\/5B094E71-EEAF-4EAE-96EE-B51D3C35F285-e1687255945358-768x1024.jpeg\" alt=\"\" class=\"wp-image-5515\" srcset=\"http:\/\/lycee-nisard.fr\/wp-content\/uploads\/2023\/06\/5B094E71-EEAF-4EAE-96EE-B51D3C35F285-e1687255945358-768x1024.jpeg 768w, http:\/\/lycee-nisard.fr\/wp-content\/uploads\/2023\/06\/5B094E71-EEAF-4EAE-96EE-B51D3C35F285-e1687255945358-225x300.jpeg 225w\" sizes=\"(max-width: 768px) 100vw, 768px\" \/><\/figure>\n\n\n\n<p>Un second bin\u00f4me compos\u00e9 de Bastien DARPENTIGNY et Mathys SIMON terminent \u00e0 une belle 10\u00e8me place dans la m\u00eame cat\u00e9gorie sur 32 \u00e9quipes.<\/p>\n\n\n\n<figure class=\"wp-block-image\"><img loading=\"lazy\" decoding=\"async\" width=\"819\" height=\"1024\" src=\"http:\/\/lycee-nisard.fr\/wp-content\/uploads\/2023\/06\/53B2F429-6815-40D1-8001-CA1E0E3C229D-819x1024.jpeg\" alt=\"\" class=\"wp-image-5516\" srcset=\"http:\/\/lycee-nisard.fr\/wp-content\/uploads\/2023\/06\/53B2F429-6815-40D1-8001-CA1E0E3C229D-819x1024.jpeg 819w, http:\/\/lycee-nisard.fr\/wp-content\/uploads\/2023\/06\/53B2F429-6815-40D1-8001-CA1E0E3C229D-240x300.jpeg 240w, http:\/\/lycee-nisard.fr\/wp-content\/uploads\/2023\/06\/53B2F429-6815-40D1-8001-CA1E0E3C229D-768x960.jpeg 768w, http:\/\/lycee-nisard.fr\/wp-content\/uploads\/2023\/06\/53B2F429-6815-40D1-8001-CA1E0E3C229D.jpeg 1440w\" sizes=\"(max-width: 819px) 100vw, 819px\" \/><\/figure>\n\n\n\n<p> Quant \u00e0 nos cadettes: Elisa COLLOMBIER POCHARD et Margot RATTON, elles vont terminer ce championnat de France \u00e0 la 7eme place.<\/p>\n\n\n\n<figure class=\"wp-block-image\"><img loading=\"lazy\" decoding=\"async\" width=\"819\" height=\"1024\" src=\"http:\/\/lycee-nisard.fr\/wp-content\/uploads\/2023\/06\/102CDA8F-5DEA-4AE3-952B-589F42720426-1-819x1024.jpeg\" alt=\"\" class=\"wp-image-5518\" srcset=\"http:\/\/lycee-nisard.fr\/wp-content\/uploads\/2023\/06\/102CDA8F-5DEA-4AE3-952B-589F42720426-1-819x1024.jpeg 819w, http:\/\/lycee-nisard.fr\/wp-content\/uploads\/2023\/06\/102CDA8F-5DEA-4AE3-952B-589F42720426-1-240x300.jpeg 240w, http:\/\/lycee-nisard.fr\/wp-content\/uploads\/2023\/06\/102CDA8F-5DEA-4AE3-952B-589F42720426-1-768x960.jpeg 768w, http:\/\/lycee-nisard.fr\/wp-content\/uploads\/2023\/06\/102CDA8F-5DEA-4AE3-952B-589F42720426-1.jpeg 1440w\" sizes=\"(max-width: 819px) 100vw, 819px\" \/><\/figure>\n\n\n\n<p><strong>Derni\u00e8re minute<\/strong> : au championnat d\u2019Europe de Xterra \u00e0 Namur le 10 juin sur la longue distance, Louis RATTON r\u00e9alise une \u00e9norme performance !<br> Le Xterra, c\u2019est le triathlon nature : 1500 m de natation en lac, 36 km de VTT (1200 de D+) et 10 km de Trail (400 m de D+), apr\u00e8s une superbe course, nous avons un champion d\u2019Europe au sein de notre section sportive. <br><strong>Avec ce titre en 15\/19 ans, Louis se qualifie pour le championnat du Monde qui aura lieu le 23 septembre en Italie<\/strong>. <\/p>\n\n\n\n<figure class=\"wp-block-image\"><img loading=\"lazy\" decoding=\"async\" width=\"577\" height=\"1024\" src=\"http:\/\/lycee-nisard.fr\/wp-content\/uploads\/2023\/06\/E56FD898-3470-42A1-AACB-208C3376F4A7-577x1024.jpeg\" alt=\"\" class=\"wp-image-5519\" srcset=\"http:\/\/lycee-nisard.fr\/wp-content\/uploads\/2023\/06\/E56FD898-3470-42A1-AACB-208C3376F4A7-577x1024.jpeg 577w, http:\/\/lycee-nisard.fr\/wp-content\/uploads\/2023\/06\/E56FD898-3470-42A1-AACB-208C3376F4A7-169x300.jpeg 169w, http:\/\/lycee-nisard.fr\/wp-content\/uploads\/2023\/06\/E56FD898-3470-42A1-AACB-208C3376F4A7-768x1364.jpeg 768w, http:\/\/lycee-nisard.fr\/wp-content\/uploads\/2023\/06\/E56FD898-3470-42A1-AACB-208C3376F4A7.jpeg 1153w\" sizes=\"(max-width: 577px) 100vw, 577px\" \/><\/figure>\n\n\n\n<h3 class=\"wp-block-heading\">Et en bonus&#8230;<\/h3>\n\n\n\n<p>Le teasing de Mai et Juin pour la section sportive !<\/p>\n\n\n\n<figure class=\"wp-block-image\"><a href=\"https:\/\/youtu.be\/6hFWI952PNI\" target=\"_blank\" rel=\"noreferrer noopener\"><img loading=\"lazy\" decoding=\"async\" width=\"1024\" height=\"469\" src=\"http:\/\/lycee-nisard.fr\/wp-content\/uploads\/2023\/06\/ImageLienVideo-1024x469.png\" alt=\"\" class=\"wp-image-5522\" srcset=\"http:\/\/lycee-nisard.fr\/wp-content\/uploads\/2023\/06\/ImageLienVideo-1024x469.png 1024w, http:\/\/lycee-nisard.fr\/wp-content\/uploads\/2023\/06\/ImageLienVideo-300x137.png 300w, http:\/\/lycee-nisard.fr\/wp-content\/uploads\/2023\/06\/ImageLienVideo-768x352.png 768w, http:\/\/lycee-nisard.fr\/wp-content\/uploads\/2023\/06\/ImageLienVideo.png 1306w\" sizes=\"(max-width: 1024px) 100vw, 1024px\" \/><\/a><figcaption>Cliquer sur l&rsquo;image pour ouvrir la vid\u00e9o<\/figcaption><\/figure>\n","protected":false},"excerpt":{"rendered":"<p>Une fin de saison bien charg\u00e9e et riche en r\u00e9sultats pour la team LDN. Les mois de mai et juin ont permis au lyc\u00e9e Desir\u00e9 Nisard de s\u2019exprimer sur trois championnats de France et de mettre \u00e0 profit les nombreux entra\u00eenements. Apr\u00e8s les titres de champion d\u2019acad\u00e9mie en Course d\u2019orientation et en raid multisports, des &hellip; <a href=\"http:\/\/lycee-nisard.fr\/?p=5510\" class=\"more-link\">Continuer la lecture de <span class=\"screen-reader-text\">La team LDN renoue avec le top niveau national<\/span>  <span class=\"meta-nav\">&rarr;<\/span><\/a><\/p>\n","protected":false},"author":1,"featured_media":5512,"comment_status":"open","ping_status":"open","sticky":false,"template":"","format":"standard","meta":{"saved_in_kubio":false,"footnotes":""},"categories":[34],"tags":[],"class_list":["post-5510","post","type-post","status-publish","format-standard","has-post-thumbnail","hentry","category-annees-2020-2023"],"_links":{"self":[{"href":"http:\/\/lycee-nisard.fr\/index.php?rest_route=\/wp\/v2\/posts\/5510","targetHints":{"allow":["GET"]}}],"collection":[{"href":"http:\/\/lycee-nisard.fr\/index.php?rest_route=\/wp\/v2\/posts"}],"about":[{"href":"http:\/\/lycee-nisard.fr\/index.php?rest_route=\/wp\/v2\/types\/post"}],"author":[{"embeddable":true,"href":"http:\/\/lycee-nisard.fr\/index.php?rest_route=\/wp\/v2\/users\/1"}],"replies":[{"embeddable":true,"href":"http:\/\/lycee-nisard.fr\/index.php?rest_route=%2Fwp%2Fv2%2Fcomments&post=5510"}],"version-history":[{"count":5,"href":"http:\/\/lycee-nisard.fr\/index.php?rest_route=\/wp\/v2\/posts\/5510\/revisions"}],"predecessor-version":[{"id":5533,"href":"http:\/\/lycee-nisard.fr\/index.php?rest_route=\/wp\/v2\/posts\/5510\/revisions\/5533"}],"wp:featuredmedia":[{"embeddable":true,"href":"http:\/\/lycee-nisard.fr\/index.php?rest_route=\/wp\/v2\/media\/5512"}],"wp:attachment":[{"href":"http:\/\/lycee-nisard.fr\/index.php?rest_route=%2Fwp%2Fv2%2Fmedia&parent=5510"}],"wp:term":[{"taxonomy":"category","embeddable":true,"href":"http:\/\/lycee-nisard.fr\/index.php?rest_route=%2Fwp%2Fv2%2Fcategories&post=5510"},{"taxonomy":"post_tag","embeddable":true,"href":"http:\/\/lycee-nisard.fr\/index.php?rest_route=%2Fwp%2Fv2%2Ftags&post=5510"}],"curies":[{"name":"wp","href":"https:\/\/api.w.org\/{rel}","templated":true}]}}