{"id":5487,"date":"2023-06-14T09:52:33","date_gmt":"2023-06-14T08:52:33","guid":{"rendered":"http:\/\/lycee-nisard.fr\/?p=5487"},"modified":"2025-06-27T12:30:20","modified_gmt":"2025-06-27T11:30:20","slug":"emission-france-bleu-bourgogne","status":"publish","type":"post","link":"http:\/\/lycee-nisard.fr\/?p=5487","title":{"rendered":"Emission France Bleu Bourgogne"},"content":{"rendered":"\n<p><strong>Samedi 17 et dimanche 18 juin de 12h \u00e0 12h30 sur France Bleu\u00a0Bourgogne, vous pourrez \u00e9couter les deux \u00e9missions enregistr\u00e9es par nos \u00e9l\u00e8ves, les \u00e9tudiants de l&rsquo;universit\u00e9 de Bourgogne et la journaliste St\u00e9phanie Perenon.<br><\/strong><br>C&rsquo;est l&rsquo;aboutissement du projet Interclass&rsquo; 2023 pour notre premi\u00e8re HGGSP en attendant les reportages diffus\u00e9s sur France Inter cet \u00e9t\u00e9.<\/p>\n\n\n\n<p>En vous souhaitant une bonne \u00e9coute&#8230;<br>Et si vous \u00eates attentifs, peut-\u00eatre entendrez-vous Jordan chanter du Ad\u00e8le !<\/p>\n\n\n\n<h4 class=\"wp-block-heading\">Pour vous faire patienter&#8230;<\/h4>\n\n\n\n<p>D\u00e9couvrez ci-dessous un premier \u00e9chantillon avec l&rsquo;interview du Recteur, M. N&rsquo;Gahane, r\u00e9alis\u00e9e par les \u00e9l\u00e8ves lors de la semaine de la presse et des m\u00e9dias \u00e0 l&rsquo;\u00e9cole le 29 mars 2023.<\/p>\n\n\n\n<figure class=\"wp-block-audio\"><audio controls src=\"http:\/\/lycee-nisard.fr\/wp-content\/uploads\/2023\/06\/Montage2.mp3\"><\/audio><\/figure>\n\n\n\n<figure class=\"wp-block-image\"><img loading=\"lazy\" decoding=\"async\" width=\"1024\" height=\"649\" src=\"http:\/\/lycee-nisard.fr\/wp-content\/uploads\/2023\/06\/Interview-1024x649.jpg\" alt=\"\" class=\"wp-image-5489\" srcset=\"http:\/\/lycee-nisard.fr\/wp-content\/uploads\/2023\/06\/Interview-1024x649.jpg 1024w, http:\/\/lycee-nisard.fr\/wp-content\/uploads\/2023\/06\/Interview-300x190.jpg 300w, http:\/\/lycee-nisard.fr\/wp-content\/uploads\/2023\/06\/Interview-768x487.jpg 768w\" sizes=\"(max-width: 1024px) 100vw, 1024px\" \/><\/figure>\n","protected":false},"excerpt":{"rendered":"<p>Samedi 17 et dimanche 18 juin de 12h \u00e0 12h30 sur France Bleu\u00a0Bourgogne, vous pourrez \u00e9couter les deux \u00e9missions enregistr\u00e9es par nos \u00e9l\u00e8ves, les \u00e9tudiants de l&rsquo;universit\u00e9 de Bourgogne et la journaliste St\u00e9phanie Perenon.C&rsquo;est l&rsquo;aboutissement du projet Interclass&rsquo; 2023 pour notre premi\u00e8re HGGSP en attendant les reportages diffus\u00e9s sur France Inter cet \u00e9t\u00e9. En vous &hellip; <a href=\"http:\/\/lycee-nisard.fr\/?p=5487\" class=\"more-link\">Continuer la lecture de <span class=\"screen-reader-text\">Emission France Bleu Bourgogne<\/span>  <span class=\"meta-nav\">&rarr;<\/span><\/a><\/p>\n","protected":false},"author":1,"featured_media":5490,"comment_status":"open","ping_status":"open","sticky":false,"template":"","format":"standard","meta":{"saved_in_kubio":false,"footnotes":""},"categories":[34],"tags":[],"class_list":["post-5487","post","type-post","status-publish","format-standard","has-post-thumbnail","hentry","category-annees-2020-2023"],"_links":{"self":[{"href":"http:\/\/lycee-nisard.fr\/index.php?rest_route=\/wp\/v2\/posts\/5487","targetHints":{"allow":["GET"]}}],"collection":[{"href":"http:\/\/lycee-nisard.fr\/index.php?rest_route=\/wp\/v2\/posts"}],"about":[{"href":"http:\/\/lycee-nisard.fr\/index.php?rest_route=\/wp\/v2\/types\/post"}],"author":[{"embeddable":true,"href":"http:\/\/lycee-nisard.fr\/index.php?rest_route=\/wp\/v2\/users\/1"}],"replies":[{"embeddable":true,"href":"http:\/\/lycee-nisard.fr\/index.php?rest_route=%2Fwp%2Fv2%2Fcomments&post=5487"}],"version-history":[{"count":2,"href":"http:\/\/lycee-nisard.fr\/index.php?rest_route=\/wp\/v2\/posts\/5487\/revisions"}],"predecessor-version":[{"id":5491,"href":"http:\/\/lycee-nisard.fr\/index.php?rest_route=\/wp\/v2\/posts\/5487\/revisions\/5491"}],"wp:featuredmedia":[{"embeddable":true,"href":"http:\/\/lycee-nisard.fr\/index.php?rest_route=\/wp\/v2\/media\/5490"}],"wp:attachment":[{"href":"http:\/\/lycee-nisard.fr\/index.php?rest_route=%2Fwp%2Fv2%2Fmedia&parent=5487"}],"wp:term":[{"taxonomy":"category","embeddable":true,"href":"http:\/\/lycee-nisard.fr\/index.php?rest_route=%2Fwp%2Fv2%2Fcategories&post=5487"},{"taxonomy":"post_tag","embeddable":true,"href":"http:\/\/lycee-nisard.fr\/index.php?rest_route=%2Fwp%2Fv2%2Ftags&post=5487"}],"curies":[{"name":"wp","href":"https:\/\/api.w.org\/{rel}","templated":true}]}}