{"id":5468,"date":"2023-06-07T11:17:30","date_gmt":"2023-06-07T10:17:30","guid":{"rendered":"http:\/\/lycee-nisard.fr\/?p=5468"},"modified":"2025-06-27T12:30:20","modified_gmt":"2025-06-27T11:30:20","slug":"le-gagnant-du-concours-du-meilleur-article-est","status":"publish","type":"post","link":"http:\/\/lycee-nisard.fr\/?p=5468","title":{"rendered":"Le gagnant du concours du meilleur article est&#8230;"},"content":{"rendered":"\n<p><strong>A l\u2019occasion de la semaine de la presse et des m\u00e9dias dans l\u2019\u00e9cole qui se d\u00e9roulait du 27 mars au 1<\/strong><sup><strong>er\u00a0<\/strong><\/sup><strong>avril, le lyc\u00e9e organisait un concours du meilleur article de presse<\/strong>. <br>Le gagnant est une \u00e9l\u00e8ve de 2B, sensible aux enjeux climatiques et d\u00e9sireuse de faire bouger les choses.<br>D\u00e9couvrez son article ci-dessous<\/p>\n\n\n\n<figure class=\"wp-block-image\"><img loading=\"lazy\" decoding=\"async\" width=\"584\" height=\"747\" src=\"http:\/\/lycee-nisard.fr\/wp-content\/uploads\/2023\/06\/Une.png\" alt=\"\" class=\"wp-image-5469\" srcset=\"http:\/\/lycee-nisard.fr\/wp-content\/uploads\/2023\/06\/Une.png 584w, http:\/\/lycee-nisard.fr\/wp-content\/uploads\/2023\/06\/Une-235x300.png 235w\" sizes=\"(max-width: 584px) 100vw, 584px\" \/><\/figure>\n\n\n\n<figure class=\"wp-block-image\"><img loading=\"lazy\" decoding=\"async\" width=\"640\" height=\"892\" src=\"http:\/\/lycee-nisard.fr\/wp-content\/uploads\/2023\/06\/Page2.png\" alt=\"\" class=\"wp-image-5470\" srcset=\"http:\/\/lycee-nisard.fr\/wp-content\/uploads\/2023\/06\/Page2.png 640w, http:\/\/lycee-nisard.fr\/wp-content\/uploads\/2023\/06\/Page2-215x300.png 215w\" sizes=\"(max-width: 640px) 100vw, 640px\" \/><\/figure>\n\n\n\n<div class=\"wp-block-image\"><figure class=\"aligncenter\"><img loading=\"lazy\" decoding=\"async\" width=\"351\" height=\"265\" src=\"http:\/\/lycee-nisard.fr\/wp-content\/uploads\/2023\/06\/Page3.png\" alt=\"\" class=\"wp-image-5471\" srcset=\"http:\/\/lycee-nisard.fr\/wp-content\/uploads\/2023\/06\/Page3.png 351w, http:\/\/lycee-nisard.fr\/wp-content\/uploads\/2023\/06\/Page3-300x226.png 300w\" sizes=\"(max-width: 351px) 100vw, 351px\" \/><\/figure><\/div>\n\n\n\n<p><em><strong>L&rsquo;article au format pdf :<\/strong><\/em><\/p>\n\n\n\n<div class=\"wp-block-file\"><a href=\"http:\/\/lycee-nisard.fr\/wp-content\/uploads\/2023\/06\/Article-Rechauffement-.pdf\">Article-Rechauffement-<\/a><a href=\"http:\/\/lycee-nisard.fr\/wp-content\/uploads\/2023\/06\/Article-Rechauffement-.pdf\" class=\"wp-block-file__button\" download>T\u00e9l\u00e9charger<\/a><\/div>\n\n\n\n<p style=\"text-align:center\"><strong>Rendez-vous l&rsquo;ann\u00e9e prochaine au moment de la semaine de la presse et des m\u00e9dias \u00e0 l&rsquo;\u00e9cole !<\/strong><\/p>\n","protected":false},"excerpt":{"rendered":"<p>A l\u2019occasion de la semaine de la presse et des m\u00e9dias dans l\u2019\u00e9cole qui se d\u00e9roulait du 27 mars au 1er\u00a0avril, le lyc\u00e9e organisait un concours du meilleur article de presse. Le gagnant est une \u00e9l\u00e8ve de 2B, sensible aux enjeux climatiques et d\u00e9sireuse de faire bouger les choses.D\u00e9couvrez son article ci-dessous L&rsquo;article au format &hellip; <a href=\"http:\/\/lycee-nisard.fr\/?p=5468\" class=\"more-link\">Continuer la lecture de <span class=\"screen-reader-text\">Le gagnant du concours du meilleur article est&#8230;<\/span>  <span class=\"meta-nav\">&rarr;<\/span><\/a><\/p>\n","protected":false},"author":1,"featured_media":5306,"comment_status":"open","ping_status":"open","sticky":false,"template":"","format":"standard","meta":{"saved_in_kubio":false,"footnotes":""},"categories":[34],"tags":[],"class_list":["post-5468","post","type-post","status-publish","format-standard","has-post-thumbnail","hentry","category-annees-2020-2023"],"_links":{"self":[{"href":"http:\/\/lycee-nisard.fr\/index.php?rest_route=\/wp\/v2\/posts\/5468","targetHints":{"allow":["GET"]}}],"collection":[{"href":"http:\/\/lycee-nisard.fr\/index.php?rest_route=\/wp\/v2\/posts"}],"about":[{"href":"http:\/\/lycee-nisard.fr\/index.php?rest_route=\/wp\/v2\/types\/post"}],"author":[{"embeddable":true,"href":"http:\/\/lycee-nisard.fr\/index.php?rest_route=\/wp\/v2\/users\/1"}],"replies":[{"embeddable":true,"href":"http:\/\/lycee-nisard.fr\/index.php?rest_route=%2Fwp%2Fv2%2Fcomments&post=5468"}],"version-history":[{"count":1,"href":"http:\/\/lycee-nisard.fr\/index.php?rest_route=\/wp\/v2\/posts\/5468\/revisions"}],"predecessor-version":[{"id":5473,"href":"http:\/\/lycee-nisard.fr\/index.php?rest_route=\/wp\/v2\/posts\/5468\/revisions\/5473"}],"wp:featuredmedia":[{"embeddable":true,"href":"http:\/\/lycee-nisard.fr\/index.php?rest_route=\/wp\/v2\/media\/5306"}],"wp:attachment":[{"href":"http:\/\/lycee-nisard.fr\/index.php?rest_route=%2Fwp%2Fv2%2Fmedia&parent=5468"}],"wp:term":[{"taxonomy":"category","embeddable":true,"href":"http:\/\/lycee-nisard.fr\/index.php?rest_route=%2Fwp%2Fv2%2Fcategories&post=5468"},{"taxonomy":"post_tag","embeddable":true,"href":"http:\/\/lycee-nisard.fr\/index.php?rest_route=%2Fwp%2Fv2%2Ftags&post=5468"}],"curies":[{"name":"wp","href":"https:\/\/api.w.org\/{rel}","templated":true}]}}