{"id":5464,"date":"2023-06-07T09:48:17","date_gmt":"2023-06-07T08:48:17","guid":{"rendered":"http:\/\/lycee-nisard.fr\/?p=5464"},"modified":"2025-06-27T12:30:20","modified_gmt":"2025-06-27T11:30:20","slug":"festival-du-court-metrage","status":"publish","type":"post","link":"http:\/\/lycee-nisard.fr\/?p=5464","title":{"rendered":"Festival du court m\u00e9trage"},"content":{"rendered":"\n<p>Organis\u00e9 par Mme Bertrand, professeur d&rsquo;espagnol, avec toutes les classes de 2de, le festival du court m\u00e9trage espagnol a d\u00e9cern\u00e9 le palme de la meilleure r\u00e9alisation \u00e0 :<\/p>\n\n\n\n<p style=\"text-align:center\"><em><strong>Donovan, <br>Anthony,<br>Evan,<br>Maxence.<\/strong><\/em><\/p>\n\n\n\n<p>Quatre \u00e9l\u00e8ves de 2A que nous f\u00e9licitons !<\/p>\n\n\n\n<figure class=\"wp-block-image\"><img loading=\"lazy\" decoding=\"async\" width=\"1024\" height=\"768\" src=\"http:\/\/lycee-nisard.fr\/wp-content\/uploads\/2023\/06\/Resized_received_236972675718923-1024x768.jpg\" alt=\"\" class=\"wp-image-5465\" srcset=\"http:\/\/lycee-nisard.fr\/wp-content\/uploads\/2023\/06\/Resized_received_236972675718923-1024x768.jpg 1024w, http:\/\/lycee-nisard.fr\/wp-content\/uploads\/2023\/06\/Resized_received_236972675718923-300x225.jpg 300w, http:\/\/lycee-nisard.fr\/wp-content\/uploads\/2023\/06\/Resized_received_236972675718923-768x576.jpg 768w, http:\/\/lycee-nisard.fr\/wp-content\/uploads\/2023\/06\/Resized_received_236972675718923.jpg 1440w\" sizes=\"(max-width: 1024px) 100vw, 1024px\" \/><figcaption>Le foyer r\u00e9organis\u00e9 en salle de projection<\/figcaption><\/figure>\n","protected":false},"excerpt":{"rendered":"<p>Organis\u00e9 par Mme Bertrand, professeur d&rsquo;espagnol, avec toutes les classes de 2de, le festival du court m\u00e9trage espagnol a d\u00e9cern\u00e9 le palme de la meilleure r\u00e9alisation \u00e0 : Donovan, Anthony,Evan,Maxence. Quatre \u00e9l\u00e8ves de 2A que nous f\u00e9licitons !<\/p>\n","protected":false},"author":1,"featured_media":5466,"comment_status":"open","ping_status":"open","sticky":false,"template":"","format":"standard","meta":{"saved_in_kubio":false,"footnotes":""},"categories":[34],"tags":[],"class_list":["post-5464","post","type-post","status-publish","format-standard","has-post-thumbnail","hentry","category-annees-2020-2023"],"_links":{"self":[{"href":"http:\/\/lycee-nisard.fr\/index.php?rest_route=\/wp\/v2\/posts\/5464","targetHints":{"allow":["GET"]}}],"collection":[{"href":"http:\/\/lycee-nisard.fr\/index.php?rest_route=\/wp\/v2\/posts"}],"about":[{"href":"http:\/\/lycee-nisard.fr\/index.php?rest_route=\/wp\/v2\/types\/post"}],"author":[{"embeddable":true,"href":"http:\/\/lycee-nisard.fr\/index.php?rest_route=\/wp\/v2\/users\/1"}],"replies":[{"embeddable":true,"href":"http:\/\/lycee-nisard.fr\/index.php?rest_route=%2Fwp%2Fv2%2Fcomments&post=5464"}],"version-history":[{"count":1,"href":"http:\/\/lycee-nisard.fr\/index.php?rest_route=\/wp\/v2\/posts\/5464\/revisions"}],"predecessor-version":[{"id":5467,"href":"http:\/\/lycee-nisard.fr\/index.php?rest_route=\/wp\/v2\/posts\/5464\/revisions\/5467"}],"wp:featuredmedia":[{"embeddable":true,"href":"http:\/\/lycee-nisard.fr\/index.php?rest_route=\/wp\/v2\/media\/5466"}],"wp:attachment":[{"href":"http:\/\/lycee-nisard.fr\/index.php?rest_route=%2Fwp%2Fv2%2Fmedia&parent=5464"}],"wp:term":[{"taxonomy":"category","embeddable":true,"href":"http:\/\/lycee-nisard.fr\/index.php?rest_route=%2Fwp%2Fv2%2Fcategories&post=5464"},{"taxonomy":"post_tag","embeddable":true,"href":"http:\/\/lycee-nisard.fr\/index.php?rest_route=%2Fwp%2Fv2%2Ftags&post=5464"}],"curies":[{"name":"wp","href":"https:\/\/api.w.org\/{rel}","templated":true}]}}