{"id":5451,"date":"2023-06-02T11:08:12","date_gmt":"2023-06-02T10:08:12","guid":{"rendered":"http:\/\/lycee-nisard.fr\/?p=5451"},"modified":"2025-06-27T12:30:20","modified_gmt":"2025-06-27T11:30:20","slug":"discipuli-linguae-latinae-lutetia","status":"publish","type":"post","link":"http:\/\/lycee-nisard.fr\/?p=5451","title":{"rendered":"Discipuli linguae latinae Lutetia"},"content":{"rendered":"\n<p>Les latinistes sont arriv\u00e9s \u00e0 Paris en Mercure-volant.<\/p>\n\n\n\n<figure class=\"wp-block-image\"><img loading=\"lazy\" decoding=\"async\" width=\"385\" height=\"513\" src=\"http:\/\/lycee-nisard.fr\/wp-content\/uploads\/2023\/06\/PhotoEleve-e1685699819881.jpg\" alt=\"\" class=\"wp-image-5452\" srcset=\"http:\/\/lycee-nisard.fr\/wp-content\/uploads\/2023\/06\/PhotoEleve-e1685699819881.jpg 385w, http:\/\/lycee-nisard.fr\/wp-content\/uploads\/2023\/06\/PhotoEleve-e1685699819881-225x300.jpg 225w\" sizes=\"(max-width: 385px) 100vw, 385px\" \/><\/figure>\n\n\n\n<h4 class=\"wp-block-heading\">\n\n\n\n\n\n\n\n\n\n\n\n\n\n\n\n\nPremier arr\u00eat du Mercure-volant&nbsp;: les ar\u00e8nes de Lut\u00e8ce. \n\n\n\n<\/h4>\n\n\n\n<p>Elles datent du I \u2013 II \u00e8me si\u00e8cles apr\u00e8s J-C.\nLes Gallo-Romains pouvaient assister \u00e0 diff\u00e9rents spectacles&nbsp;: th\u00e9\u00e2tre, combats\nde gladiateurs, naumachie (spectacle de combat naval). <\/p>\n\n\n\n<div class=\"wp-block-image\"><figure class=\"aligncenter\"><img loading=\"lazy\" decoding=\"async\" width=\"641\" height=\"481\" src=\"http:\/\/lycee-nisard.fr\/wp-content\/uploads\/2023\/06\/AreneLutece1.jpg\" alt=\"\" class=\"wp-image-5453\" srcset=\"http:\/\/lycee-nisard.fr\/wp-content\/uploads\/2023\/06\/AreneLutece1.jpg 641w, http:\/\/lycee-nisard.fr\/wp-content\/uploads\/2023\/06\/AreneLutece1-300x225.jpg 300w\" sizes=\"(max-width: 641px) 100vw, 641px\" \/><\/figure><\/div>\n\n\n\n<div class=\"wp-block-image\"><figure class=\"aligncenter\"><img loading=\"lazy\" decoding=\"async\" width=\"629\" height=\"471\" src=\"http:\/\/lycee-nisard.fr\/wp-content\/uploads\/2023\/06\/AreneLutece2.jpg\" alt=\"\" class=\"wp-image-5454\" srcset=\"http:\/\/lycee-nisard.fr\/wp-content\/uploads\/2023\/06\/AreneLutece2.jpg 629w, http:\/\/lycee-nisard.fr\/wp-content\/uploads\/2023\/06\/AreneLutece2-300x225.jpg 300w\" sizes=\"(max-width: 629px) 100vw, 629px\" \/><\/figure><\/div>\n\n\n\n<h4 class=\"wp-block-heading\">Deuxi\u00e8me arr\u00eat du Mercure-volant&nbsp;: le Panth\u00e9on  \u00ab&nbsp;Bellus est&nbsp;\u00bb<\/h4>\n\n\n\n<p>Sous l\u2019 Antiquit\u00e9, le Panth\u00e9on \u00e9tait un temple pour tous les dieux. A Paris, le Panth\u00e9on accueille d\u2019illustres figures comme Voltaire, Jean-Jacques Rousseau, Alexandre Dumas, Victor Hugo, Emile Zola, Pierre et Marie Curie, Jean Moulin, Simone et Antoine Veil, Jos\u00e9phine Baker\u2026<\/p>\n\n\n\n<figure class=\"wp-block-image\"><img loading=\"lazy\" decoding=\"async\" width=\"613\" height=\"505\" src=\"http:\/\/lycee-nisard.fr\/wp-content\/uploads\/2023\/06\/Pantheon1.jpg\" alt=\"\" class=\"wp-image-5455\" srcset=\"http:\/\/lycee-nisard.fr\/wp-content\/uploads\/2023\/06\/Pantheon1.jpg 613w, http:\/\/lycee-nisard.fr\/wp-content\/uploads\/2023\/06\/Pantheon1-300x247.jpg 300w\" sizes=\"(max-width: 613px) 100vw, 613px\" \/><\/figure>\n\n\n\n<div class=\"wp-block-image\"><figure class=\"aligncenter\"><img loading=\"lazy\" decoding=\"async\" width=\"368\" height=\"443\" src=\"http:\/\/lycee-nisard.fr\/wp-content\/uploads\/2023\/06\/Pantheon2.jpg\" alt=\"\" class=\"wp-image-5456\" srcset=\"http:\/\/lycee-nisard.fr\/wp-content\/uploads\/2023\/06\/Pantheon2.jpg 368w, http:\/\/lycee-nisard.fr\/wp-content\/uploads\/2023\/06\/Pantheon2-249x300.jpg 249w\" sizes=\"(max-width: 368px) 100vw, 368px\" \/><\/figure><\/div>\n\n\n\n<h4 class=\"wp-block-heading\">Dernier arr\u00eat du Mercure-volant&nbsp;: le Louvre.<\/h4>\n\n\n\n<p>Nous avons \u00e9t\u00e9 \u00e9bahis face \u00e0 l\u2019immensit\u00e9 des\nlieux.<\/p>\n\n\n\n<p>Nous avons pu voir de nombreuses \u0153uvres incontournables&nbsp;:\ndes sculptures comme \u00ab&nbsp;Diane Chasseresse&nbsp;\u00bb, \u00ab&nbsp;La V\u00e9nus de\nMilo&nbsp;\u00bb, \u00ab&nbsp;la Victoire de Samothrace&nbsp;\u00bb, des tableaux comme\n\u00ab&nbsp;Les Sabines arr\u00eatant le combat entre les Romains et les Sabins \u00bb de\nJacques Louis David, \u00ab&nbsp;Brutus condamnant ses fils \u00e0 mort&nbsp;\u00bb de\nGuillaume Lethi\u00e8re ainsi que des jouets, des st\u00e8les, des sarcophages, des\namphores\u2026 <\/p>\n\n\n\n<p>\u00catre au Louvre c\u2019est aussi l\u2019occasion de\ncontempler \u00ab&nbsp;La Libert\u00e9 guidant le peuple&nbsp;\u00bb d\u2019Eug\u00e8ne Delacroix,\n\u00ab&nbsp;Le Radeau de la M\u00e9duse&nbsp;\u00bb de Th\u00e9odore G\u00e9ricault, sans oublier \u00ab&nbsp;La\nJoconde&nbsp;\u00bb de L\u00e9onard de Vinci.<\/p>\n\n\n\n<div class=\"wp-block-image\"><figure class=\"aligncenter\"><img loading=\"lazy\" decoding=\"async\" width=\"288\" height=\"522\" src=\"http:\/\/lycee-nisard.fr\/wp-content\/uploads\/2023\/06\/Sculpture.jpg\" alt=\"\" class=\"wp-image-5457\" srcset=\"http:\/\/lycee-nisard.fr\/wp-content\/uploads\/2023\/06\/Sculpture.jpg 288w, http:\/\/lycee-nisard.fr\/wp-content\/uploads\/2023\/06\/Sculpture-166x300.jpg 166w\" sizes=\"(max-width: 288px) 100vw, 288px\" \/><\/figure><\/div>\n\n\n\n<div class=\"wp-block-image\"><figure class=\"aligncenter\"><img loading=\"lazy\" decoding=\"async\" width=\"377\" height=\"350\" src=\"http:\/\/lycee-nisard.fr\/wp-content\/uploads\/2023\/06\/Amphore.jpg\" alt=\"\" class=\"wp-image-5458\" srcset=\"http:\/\/lycee-nisard.fr\/wp-content\/uploads\/2023\/06\/Amphore.jpg 377w, http:\/\/lycee-nisard.fr\/wp-content\/uploads\/2023\/06\/Amphore-300x279.jpg 300w\" sizes=\"(max-width: 377px) 100vw, 377px\" \/><\/figure><\/div>\n","protected":false},"excerpt":{"rendered":"<p>Les latinistes sont arriv\u00e9s \u00e0 Paris en Mercure-volant. Premier arr\u00eat du Mercure-volant&nbsp;: les ar\u00e8nes de Lut\u00e8ce. Elles datent du I \u2013 II \u00e8me si\u00e8cles apr\u00e8s J-C. Les Gallo-Romains pouvaient assister \u00e0 diff\u00e9rents spectacles&nbsp;: th\u00e9\u00e2tre, combats de gladiateurs, naumachie (spectacle de combat naval). Deuxi\u00e8me arr\u00eat du Mercure-volant&nbsp;: le Panth\u00e9on \u00ab&nbsp;Bellus est&nbsp;\u00bb Sous l\u2019 Antiquit\u00e9, le Panth\u00e9on &hellip; <a href=\"http:\/\/lycee-nisard.fr\/?p=5451\" class=\"more-link\">Continuer la lecture de <span class=\"screen-reader-text\">Discipuli linguae latinae Lutetia<\/span>  <span class=\"meta-nav\">&rarr;<\/span><\/a><\/p>\n","protected":false},"author":1,"featured_media":5460,"comment_status":"open","ping_status":"open","sticky":false,"template":"","format":"standard","meta":{"saved_in_kubio":false,"footnotes":""},"categories":[34],"tags":[],"class_list":["post-5451","post","type-post","status-publish","format-standard","has-post-thumbnail","hentry","category-annees-2020-2023"],"_links":{"self":[{"href":"http:\/\/lycee-nisard.fr\/index.php?rest_route=\/wp\/v2\/posts\/5451","targetHints":{"allow":["GET"]}}],"collection":[{"href":"http:\/\/lycee-nisard.fr\/index.php?rest_route=\/wp\/v2\/posts"}],"about":[{"href":"http:\/\/lycee-nisard.fr\/index.php?rest_route=\/wp\/v2\/types\/post"}],"author":[{"embeddable":true,"href":"http:\/\/lycee-nisard.fr\/index.php?rest_route=\/wp\/v2\/users\/1"}],"replies":[{"embeddable":true,"href":"http:\/\/lycee-nisard.fr\/index.php?rest_route=%2Fwp%2Fv2%2Fcomments&post=5451"}],"version-history":[{"count":2,"href":"http:\/\/lycee-nisard.fr\/index.php?rest_route=\/wp\/v2\/posts\/5451\/revisions"}],"predecessor-version":[{"id":5462,"href":"http:\/\/lycee-nisard.fr\/index.php?rest_route=\/wp\/v2\/posts\/5451\/revisions\/5462"}],"wp:featuredmedia":[{"embeddable":true,"href":"http:\/\/lycee-nisard.fr\/index.php?rest_route=\/wp\/v2\/media\/5460"}],"wp:attachment":[{"href":"http:\/\/lycee-nisard.fr\/index.php?rest_route=%2Fwp%2Fv2%2Fmedia&parent=5451"}],"wp:term":[{"taxonomy":"category","embeddable":true,"href":"http:\/\/lycee-nisard.fr\/index.php?rest_route=%2Fwp%2Fv2%2Fcategories&post=5451"},{"taxonomy":"post_tag","embeddable":true,"href":"http:\/\/lycee-nisard.fr\/index.php?rest_route=%2Fwp%2Fv2%2Ftags&post=5451"}],"curies":[{"name":"wp","href":"https:\/\/api.w.org\/{rel}","templated":true}]}}