{"id":5445,"date":"2023-06-02T10:32:00","date_gmt":"2023-06-02T09:32:00","guid":{"rendered":"http:\/\/lycee-nisard.fr\/?p=5445"},"modified":"2025-06-27T12:30:20","modified_gmt":"2025-06-27T11:30:20","slug":"retour-sur-la-sortie-ses-a-paris","status":"publish","type":"post","link":"http:\/\/lycee-nisard.fr\/?p=5445","title":{"rendered":"Retour sur la sortie SES \u00e0 Paris"},"content":{"rendered":"\n<p>Vous \u00eates invit\u00e9s \u00e0 venir d\u00e9couvrir \u00e0 partir du lundi 5 juin, les travaux r\u00e9alis\u00e9s par les \u00e9l\u00e8ves sur le voyage \u00e0 Paris qui a eu lieu le jeudi 4 mai. Au programme, visite de l&rsquo;Assembl\u00e9e Nationale et de la cit\u00e9 de l&rsquo;\u00e9conomie. <\/p>\n\n\n\n<p>Les \u00e9l\u00e8ves ont fait preuve d&rsquo;originalit\u00e9 et de cr\u00e9ativit\u00e9 : carnets, vid\u00e9os, vlogs, BD, podcasts, diaporamas.<br>Toutes les productions sont \u00e0 retrouver au CDI jusqu&rsquo;au vendredi 9 juin.<\/p>\n","protected":false},"excerpt":{"rendered":"<p>Vous \u00eates invit\u00e9s \u00e0 venir d\u00e9couvrir \u00e0 partir du lundi 5 juin, les travaux r\u00e9alis\u00e9s par les \u00e9l\u00e8ves sur le voyage \u00e0 Paris qui a eu lieu le jeudi 4 mai. Au programme, visite de l&rsquo;Assembl\u00e9e Nationale et de la cit\u00e9 de l&rsquo;\u00e9conomie. Les \u00e9l\u00e8ves ont fait preuve d&rsquo;originalit\u00e9 et de cr\u00e9ativit\u00e9 : carnets, vid\u00e9os, &hellip; <a href=\"http:\/\/lycee-nisard.fr\/?p=5445\" class=\"more-link\">Continuer la lecture de <span class=\"screen-reader-text\">Retour sur la sortie SES \u00e0 Paris<\/span>  <span class=\"meta-nav\">&rarr;<\/span><\/a><\/p>\n","protected":false},"author":1,"featured_media":5450,"comment_status":"open","ping_status":"open","sticky":false,"template":"","format":"standard","meta":{"saved_in_kubio":false,"footnotes":""},"categories":[34],"tags":[],"class_list":["post-5445","post","type-post","status-publish","format-standard","has-post-thumbnail","hentry","category-annees-2020-2023"],"_links":{"self":[{"href":"http:\/\/lycee-nisard.fr\/index.php?rest_route=\/wp\/v2\/posts\/5445","targetHints":{"allow":["GET"]}}],"collection":[{"href":"http:\/\/lycee-nisard.fr\/index.php?rest_route=\/wp\/v2\/posts"}],"about":[{"href":"http:\/\/lycee-nisard.fr\/index.php?rest_route=\/wp\/v2\/types\/post"}],"author":[{"embeddable":true,"href":"http:\/\/lycee-nisard.fr\/index.php?rest_route=\/wp\/v2\/users\/1"}],"replies":[{"embeddable":true,"href":"http:\/\/lycee-nisard.fr\/index.php?rest_route=%2Fwp%2Fv2%2Fcomments&post=5445"}],"version-history":[{"count":2,"href":"http:\/\/lycee-nisard.fr\/index.php?rest_route=\/wp\/v2\/posts\/5445\/revisions"}],"predecessor-version":[{"id":5448,"href":"http:\/\/lycee-nisard.fr\/index.php?rest_route=\/wp\/v2\/posts\/5445\/revisions\/5448"}],"wp:featuredmedia":[{"embeddable":true,"href":"http:\/\/lycee-nisard.fr\/index.php?rest_route=\/wp\/v2\/media\/5450"}],"wp:attachment":[{"href":"http:\/\/lycee-nisard.fr\/index.php?rest_route=%2Fwp%2Fv2%2Fmedia&parent=5445"}],"wp:term":[{"taxonomy":"category","embeddable":true,"href":"http:\/\/lycee-nisard.fr\/index.php?rest_route=%2Fwp%2Fv2%2Fcategories&post=5445"},{"taxonomy":"post_tag","embeddable":true,"href":"http:\/\/lycee-nisard.fr\/index.php?rest_route=%2Fwp%2Fv2%2Ftags&post=5445"}],"curies":[{"name":"wp","href":"https:\/\/api.w.org\/{rel}","templated":true}]}}