{"id":5423,"date":"2023-05-25T09:26:57","date_gmt":"2023-05-25T08:26:57","guid":{"rendered":"http:\/\/lycee-nisard.fr\/?p=5423"},"modified":"2025-06-27T12:30:20","modified_gmt":"2025-06-27T11:30:20","slug":"pologne","status":"publish","type":"post","link":"http:\/\/lycee-nisard.fr\/?p=5423","title":{"rendered":"POLOGNE"},"content":{"rendered":"\n<p><strong>Les \u00e9l\u00e8ves du lyc\u00e9e D\u00e9sir\u00e9 Nisard, dans le cadre du programme de l\u2019enseignement des sp\u00e9cialit\u00e9s de la section g\u00e9n\u00e9rale, se sont rendus en Pologne \u00e0 Cracovie du 9 au 12 mai, avec leurs professeurs.<\/strong><br><br>Ce voyage avait un but p\u00e9dagogique en lien avec les th\u00e8mes des programmes de sp\u00e9cialit\u00e9s : HLP (Humanit\u00e9, Litt\u00e9rature et Philosophie) dont le th\u00e8me traite de \u00ab&nbsp;l\u2019humanit\u00e9 en question&nbsp;\u00bb et la sp\u00e9cialit\u00e9 HGGSP (Histoire-g\u00e9ographie, g\u00e9opolitique et sciences politique) sur le th\u00e8me de \u00ab&nbsp;l\u2019histoire et m\u00e9moires&nbsp;: L\u2019histoire et les m\u00e9moires du g\u00e9nocide des Juifs et des Tziganes&nbsp;\u00bb. <br>Ils donneront lieu \u00e0 des travaux effectu\u00e9s par les \u00e9l\u00e8ves. <\/p>\n\n\n\n<p>C\u2019est t\u00f4t le matin que les lyc\u00e9ens sont partis en train jusqu\u2019\u00e0 Paris, ont travers\u00e9 la capitale en RER et pris l\u2019avion \u00e0 Roissy Charles De Gaulle. Pendant 4 jours les lyc\u00e9ens ont d\u00e9couvert la ville de Cracovie, remontant jusqu\u2019au Moyen Age gr\u00e2ce aux diff\u00e9rentes visites men\u00e9es par une guide. Comme le ch\u00e2teau de Wawel et sa cath\u00e9drale, passant par l\u2019une des plus anciennes Universit\u00e9s d\u2019Europe centrale\u00a0: l\u2019Universit\u00e9 Jagellon o\u00f9 le c\u00e9l\u00e8bre astronome Copernic a \u00e9tudi\u00e9. Les lyc\u00e9ens ont pu observer l\u2019ambiance sympathique et jeune de la ville, compos\u00e9e de nombreux espaces verts. Mais, ils ont aussi \u00e9t\u00e9 plong\u00e9s dans les souvenirs douloureux d\u2019une ville martyre et ont pu se rendre compte des conditions de vie des habitants de Cracovie, notamment par la visite du mus\u00e9e de l\u2019Usine d\u2019Oskar Schlinder, de l\u2019ancien Ghetto et du quartier juif de Kazimierz. Cependant, la partie la plus importante du voyage fut celle de la visite du camp de concentration et du centre de mise \u00e0 mort d\u2019 Auschwitz-Birkenau o\u00f9 le silence \u00e9tait de mise. <\/p>\n\n\n\n<figure class=\"wp-block-image\"><img loading=\"lazy\" decoding=\"async\" width=\"768\" height=\"1024\" src=\"http:\/\/lycee-nisard.fr\/wp-content\/uploads\/2023\/05\/32AD3703-9EB9-4B3D-BA64-1C851B6E6704-e1685001138466-768x1024.jpeg\" alt=\"\" class=\"wp-image-5426\" srcset=\"http:\/\/lycee-nisard.fr\/wp-content\/uploads\/2023\/05\/32AD3703-9EB9-4B3D-BA64-1C851B6E6704-e1685001138466-768x1024.jpeg 768w, http:\/\/lycee-nisard.fr\/wp-content\/uploads\/2023\/05\/32AD3703-9EB9-4B3D-BA64-1C851B6E6704-e1685001138466-225x300.jpeg 225w\" sizes=\"(max-width: 768px) 100vw, 768px\" \/><figcaption>Lieu o\u00f9 a \u00e9t\u00e9 film\u00e9e la sc\u00e8ne de la liquidation du Ghetto <br>dans \u00ab\u00a0La liste de Schindler\u00a0\u00bb de Steven Spielberg<\/figcaption><\/figure>\n\n\n\n<figure class=\"wp-block-image\"><img loading=\"lazy\" decoding=\"async\" width=\"768\" height=\"1024\" src=\"http:\/\/lycee-nisard.fr\/wp-content\/uploads\/2023\/05\/9B399A00-6E76-4736-B2AC-D85CC901CC18-e1685001360932-768x1024.jpeg\" alt=\"\" class=\"wp-image-5425\" srcset=\"http:\/\/lycee-nisard.fr\/wp-content\/uploads\/2023\/05\/9B399A00-6E76-4736-B2AC-D85CC901CC18-e1685001360932-768x1024.jpeg 768w, http:\/\/lycee-nisard.fr\/wp-content\/uploads\/2023\/05\/9B399A00-6E76-4736-B2AC-D85CC901CC18-e1685001360932-225x300.jpeg 225w\" sizes=\"(max-width: 768px) 100vw, 768px\" \/><figcaption>Les \u00ab\u00a0dortoirs\u00a0\u00bb du camp d&rsquo;Auschwitz<\/figcaption><\/figure>\n\n\n\n<figure class=\"wp-block-image\"><img loading=\"lazy\" decoding=\"async\" width=\"768\" height=\"1024\" src=\"http:\/\/lycee-nisard.fr\/wp-content\/uploads\/2023\/05\/AB690D8C-AE59-4E85-AD16-8CF9DB5C45E0-e1685001404383-768x1024.jpeg\" alt=\"\" class=\"wp-image-5424\" srcset=\"http:\/\/lycee-nisard.fr\/wp-content\/uploads\/2023\/05\/AB690D8C-AE59-4E85-AD16-8CF9DB5C45E0-e1685001404383-768x1024.jpeg 768w, http:\/\/lycee-nisard.fr\/wp-content\/uploads\/2023\/05\/AB690D8C-AE59-4E85-AD16-8CF9DB5C45E0-e1685001404383-225x300.jpeg 225w\" sizes=\"(max-width: 768px) 100vw, 768px\" \/><figcaption>Les chaussures des prisonniers<\/figcaption><\/figure>\n\n\n\n<p>Ce voyage fut court et intense, autant en \u00e9motions qu\u2019en\nvisites. Chacun d\u2019entre eux vous diront qu\u2019ils n\u2019en reviennent pas indemnes et\ngardent des souvenirs parfois difficiles d\u2019images ou de lieux diff\u00e9rents, qui\nles ont impact\u00e9s. Il est important de sp\u00e9cifier la participation financi\u00e8re du\n\u00ab&nbsp;m\u00e9morial de la shoah&nbsp;\u00bb auquel les travaux des \u00e9l\u00e8ves sont destin\u00e9s.<\/p>\n\n\n\n<p><strong>Remerciements <\/strong>:<br>  &#8211; Fondation du m\u00e9morial de la Shoah<br>  &#8211; Fondation De Lattre de Tassigny<br>  &#8211; Minist\u00e8re de la D\u00e9fense<br>  &#8211; Association des anciens \u00e9l\u00e8ves du LDN<br><\/p>\n","protected":false},"excerpt":{"rendered":"<p>Les \u00e9l\u00e8ves du lyc\u00e9e D\u00e9sir\u00e9 Nisard, dans le cadre du programme de l\u2019enseignement des sp\u00e9cialit\u00e9s de la section g\u00e9n\u00e9rale, se sont rendus en Pologne \u00e0 Cracovie du 9 au 12 mai, avec leurs professeurs. Ce voyage avait un but p\u00e9dagogique en lien avec les th\u00e8mes des programmes de sp\u00e9cialit\u00e9s : HLP (Humanit\u00e9, Litt\u00e9rature et Philosophie) &hellip; <a href=\"http:\/\/lycee-nisard.fr\/?p=5423\" class=\"more-link\">Continuer la lecture de <span class=\"screen-reader-text\">POLOGNE<\/span>  <span class=\"meta-nav\">&rarr;<\/span><\/a><\/p>\n","protected":false},"author":1,"featured_media":5427,"comment_status":"open","ping_status":"open","sticky":false,"template":"","format":"standard","meta":{"saved_in_kubio":false,"footnotes":""},"categories":[34],"tags":[],"class_list":["post-5423","post","type-post","status-publish","format-standard","has-post-thumbnail","hentry","category-annees-2020-2023"],"_links":{"self":[{"href":"http:\/\/lycee-nisard.fr\/index.php?rest_route=\/wp\/v2\/posts\/5423","targetHints":{"allow":["GET"]}}],"collection":[{"href":"http:\/\/lycee-nisard.fr\/index.php?rest_route=\/wp\/v2\/posts"}],"about":[{"href":"http:\/\/lycee-nisard.fr\/index.php?rest_route=\/wp\/v2\/types\/post"}],"author":[{"embeddable":true,"href":"http:\/\/lycee-nisard.fr\/index.php?rest_route=\/wp\/v2\/users\/1"}],"replies":[{"embeddable":true,"href":"http:\/\/lycee-nisard.fr\/index.php?rest_route=%2Fwp%2Fv2%2Fcomments&post=5423"}],"version-history":[{"count":3,"href":"http:\/\/lycee-nisard.fr\/index.php?rest_route=\/wp\/v2\/posts\/5423\/revisions"}],"predecessor-version":[{"id":5437,"href":"http:\/\/lycee-nisard.fr\/index.php?rest_route=\/wp\/v2\/posts\/5423\/revisions\/5437"}],"wp:featuredmedia":[{"embeddable":true,"href":"http:\/\/lycee-nisard.fr\/index.php?rest_route=\/wp\/v2\/media\/5427"}],"wp:attachment":[{"href":"http:\/\/lycee-nisard.fr\/index.php?rest_route=%2Fwp%2Fv2%2Fmedia&parent=5423"}],"wp:term":[{"taxonomy":"category","embeddable":true,"href":"http:\/\/lycee-nisard.fr\/index.php?rest_route=%2Fwp%2Fv2%2Fcategories&post=5423"},{"taxonomy":"post_tag","embeddable":true,"href":"http:\/\/lycee-nisard.fr\/index.php?rest_route=%2Fwp%2Fv2%2Ftags&post=5423"}],"curies":[{"name":"wp","href":"https:\/\/api.w.org\/{rel}","templated":true}]}}