{"id":5418,"date":"2023-05-22T09:46:29","date_gmt":"2023-05-22T08:46:29","guid":{"rendered":"http:\/\/lycee-nisard.fr\/?p=5418"},"modified":"2025-06-27T12:29:29","modified_gmt":"2025-06-27T11:29:29","slug":"voyage-a-paris","status":"publish","type":"post","link":"http:\/\/lycee-nisard.fr\/?p=5418","title":{"rendered":"VOYAGE A PARIS"},"content":{"rendered":"\n<p><strong>Les \u00e9l\u00e8ves de Terminale sp\u00e9cialit\u00e9 SVT + PC + SI ont pass\u00e9 deux jours \u00e0 Paris.<\/strong><\/p>\n\n\n\n<p><strong>Le dimanche 14 mai :<\/strong><\/p>\n\n\n\n<ul class=\"wp-block-list\"><li>Visite de la cit\u00e9 des Sciences et de\nl\u2019Industrie&nbsp;: les expositions permanentes (urgence climatique,\nbio-inspir\u00e9e, robots, e-lab, cerveau, l\u2019Homme et les g\u00e8nes, l\u2019univers, les\nmaths, les sons), les expositions temporaires (foules, cancers) et le\nplan\u00e9tarium (la naissance de la plan\u00e8te Terre)&nbsp;;<\/li><li>Croisi\u00e8re sur la Seine en Bateau-Mouche.<\/li><\/ul>\n\n\n\n<figure class=\"wp-block-image\"><img loading=\"lazy\" decoding=\"async\" width=\"1024\" height=\"768\" src=\"http:\/\/lycee-nisard.fr\/wp-content\/uploads\/2023\/05\/20230514_175342-1024x768.jpg\" alt=\"\" class=\"wp-image-5420\" srcset=\"http:\/\/lycee-nisard.fr\/wp-content\/uploads\/2023\/05\/20230514_175342-1024x768.jpg 1024w, http:\/\/lycee-nisard.fr\/wp-content\/uploads\/2023\/05\/20230514_175342-300x225.jpg 300w, http:\/\/lycee-nisard.fr\/wp-content\/uploads\/2023\/05\/20230514_175342-768x576.jpg 768w\" sizes=\"(max-width: 1024px) 100vw, 1024px\" \/><\/figure>\n\n\n\n<p><strong>Le lundi 15 mai\u00a0:<\/strong><\/p>\n\n\n\n<ul class=\"wp-block-list\"><li>Disneyland Paris.<\/li><\/ul>\n\n\n\n<figure class=\"wp-block-image\"><img loading=\"lazy\" decoding=\"async\" width=\"1024\" height=\"768\" src=\"http:\/\/lycee-nisard.fr\/wp-content\/uploads\/2023\/05\/20230515_092035-1024x768.jpg\" alt=\"\" class=\"wp-image-5421\" srcset=\"http:\/\/lycee-nisard.fr\/wp-content\/uploads\/2023\/05\/20230515_092035-1024x768.jpg 1024w, http:\/\/lycee-nisard.fr\/wp-content\/uploads\/2023\/05\/20230515_092035-300x225.jpg 300w, http:\/\/lycee-nisard.fr\/wp-content\/uploads\/2023\/05\/20230515_092035-768x576.jpg 768w\" sizes=\"(max-width: 1024px) 100vw, 1024px\" \/><\/figure>\n\n\n\n<p>Les \u00e9l\u00e8ves sont revenus enchant\u00e9s de ce s\u00e9jour\nparisien&nbsp;!<\/p>\n","protected":false},"excerpt":{"rendered":"<p>Les \u00e9l\u00e8ves de Terminale sp\u00e9cialit\u00e9 SVT + PC + SI ont pass\u00e9 deux jours \u00e0 Paris. Le dimanche 14 mai : Visite de la cit\u00e9 des Sciences et de l\u2019Industrie&nbsp;: les expositions permanentes (urgence climatique, bio-inspir\u00e9e, robots, e-lab, cerveau, l\u2019Homme et les g\u00e8nes, l\u2019univers, les maths, les sons), les expositions temporaires (foules, cancers) et le &hellip; <a href=\"http:\/\/lycee-nisard.fr\/?p=5418\" class=\"more-link\">Continuer la lecture de <span class=\"screen-reader-text\">VOYAGE A PARIS<\/span>  <span class=\"meta-nav\">&rarr;<\/span><\/a><\/p>\n","protected":false},"author":1,"featured_media":5419,"comment_status":"open","ping_status":"open","sticky":false,"template":"","format":"standard","meta":{"saved_in_kubio":false,"footnotes":""},"categories":[34],"tags":[],"class_list":["post-5418","post","type-post","status-publish","format-standard","has-post-thumbnail","hentry","category-annees-2020-2023"],"_links":{"self":[{"href":"http:\/\/lycee-nisard.fr\/index.php?rest_route=\/wp\/v2\/posts\/5418","targetHints":{"allow":["GET"]}}],"collection":[{"href":"http:\/\/lycee-nisard.fr\/index.php?rest_route=\/wp\/v2\/posts"}],"about":[{"href":"http:\/\/lycee-nisard.fr\/index.php?rest_route=\/wp\/v2\/types\/post"}],"author":[{"embeddable":true,"href":"http:\/\/lycee-nisard.fr\/index.php?rest_route=\/wp\/v2\/users\/1"}],"replies":[{"embeddable":true,"href":"http:\/\/lycee-nisard.fr\/index.php?rest_route=%2Fwp%2Fv2%2Fcomments&post=5418"}],"version-history":[{"count":1,"href":"http:\/\/lycee-nisard.fr\/index.php?rest_route=\/wp\/v2\/posts\/5418\/revisions"}],"predecessor-version":[{"id":5422,"href":"http:\/\/lycee-nisard.fr\/index.php?rest_route=\/wp\/v2\/posts\/5418\/revisions\/5422"}],"wp:featuredmedia":[{"embeddable":true,"href":"http:\/\/lycee-nisard.fr\/index.php?rest_route=\/wp\/v2\/media\/5419"}],"wp:attachment":[{"href":"http:\/\/lycee-nisard.fr\/index.php?rest_route=%2Fwp%2Fv2%2Fmedia&parent=5418"}],"wp:term":[{"taxonomy":"category","embeddable":true,"href":"http:\/\/lycee-nisard.fr\/index.php?rest_route=%2Fwp%2Fv2%2Fcategories&post=5418"},{"taxonomy":"post_tag","embeddable":true,"href":"http:\/\/lycee-nisard.fr\/index.php?rest_route=%2Fwp%2Fv2%2Ftags&post=5418"}],"curies":[{"name":"wp","href":"https:\/\/api.w.org\/{rel}","templated":true}]}}