{"id":5388,"date":"2023-05-05T10:58:05","date_gmt":"2023-05-05T09:58:05","guid":{"rendered":"http:\/\/lycee-nisard.fr\/?p=5388"},"modified":"2025-06-27T12:29:30","modified_gmt":"2025-06-27T11:29:30","slug":"le-cvl-a-linitiative-du-projet-la-grande-lessive","status":"publish","type":"post","link":"http:\/\/lycee-nisard.fr\/?p=5388","title":{"rendered":"Le CVL \u00e0 l&rsquo;initiative du projet  \u00ab\u00a0la grande lessive\u00a0\u00bb"},"content":{"rendered":"\n<p><strong>Et si tous les \u00e9l\u00e8ves du Lyc\u00e9e se rassemblaient autour d&rsquo; une seule et m\u00eame question en apportant la richesse et la diversit\u00e9 de leurs r\u00e9ponses<\/strong> ?<\/p>\n\n\n\n<p>Qu&rsquo; en dis-tu&nbsp; ? tu es cr\u00e9atif&nbsp; et tu aimes donner ton avis ?<\/p>\n\n\n\n<p>Alors dis-nous:&nbsp;<strong>\u00a0\u00bb Un monde parfait, selon toi, ce serait quoi ?\u00a0\u00bb<\/strong><\/p>\n\n\n\n<p>Tu peux \u00e0 ta convenance dessiner, \u00e9crire un texte, un po\u00e8me , une chanson , faire une photo ou tout cela \u00e0 la fois.<\/p>\n\n\n\n<p>Seule contrainte: r\u00e9alisation sur feuille en vue d&rsquo;un affichage d&rsquo; exposition.<\/p>\n\n\n\n<p>Tous les participants seront r\u00e9compens\u00e9s. Alors n&rsquo; h\u00e9site pas :&nbsp;<br><strong>tu as jusqu&rsquo; au 22 mai pour d\u00e9poser ton \u0153uvre en Vie Scolaire.<\/strong><\/p>\n\n\n\n<p>A bient\u00f4t !<\/p>\n\n\n\n<p>Les \u00e9l\u00e8ves du CVL<\/p>\n","protected":false},"excerpt":{"rendered":"<p>Et si tous les \u00e9l\u00e8ves du Lyc\u00e9e se rassemblaient autour d&rsquo; une seule et m\u00eame question en apportant la richesse et la diversit\u00e9 de leurs r\u00e9ponses ? Qu&rsquo; en dis-tu&nbsp; ? tu es cr\u00e9atif&nbsp; et tu aimes donner ton avis ? Alors dis-nous:&nbsp;\u00a0\u00bb Un monde parfait, selon toi, ce serait quoi ?\u00a0\u00bb Tu peux \u00e0 &hellip; <a href=\"http:\/\/lycee-nisard.fr\/?p=5388\" class=\"more-link\">Continuer la lecture de <span class=\"screen-reader-text\">Le CVL \u00e0 l&rsquo;initiative du projet  \u00ab\u00a0la grande lessive\u00a0\u00bb<\/span>  <span class=\"meta-nav\">&rarr;<\/span><\/a><\/p>\n","protected":false},"author":1,"featured_media":5395,"comment_status":"open","ping_status":"open","sticky":false,"template":"","format":"standard","meta":{"saved_in_kubio":false,"footnotes":""},"categories":[34],"tags":[],"class_list":["post-5388","post","type-post","status-publish","format-standard","has-post-thumbnail","hentry","category-annees-2020-2023"],"_links":{"self":[{"href":"http:\/\/lycee-nisard.fr\/index.php?rest_route=\/wp\/v2\/posts\/5388","targetHints":{"allow":["GET"]}}],"collection":[{"href":"http:\/\/lycee-nisard.fr\/index.php?rest_route=\/wp\/v2\/posts"}],"about":[{"href":"http:\/\/lycee-nisard.fr\/index.php?rest_route=\/wp\/v2\/types\/post"}],"author":[{"embeddable":true,"href":"http:\/\/lycee-nisard.fr\/index.php?rest_route=\/wp\/v2\/users\/1"}],"replies":[{"embeddable":true,"href":"http:\/\/lycee-nisard.fr\/index.php?rest_route=%2Fwp%2Fv2%2Fcomments&post=5388"}],"version-history":[{"count":2,"href":"http:\/\/lycee-nisard.fr\/index.php?rest_route=\/wp\/v2\/posts\/5388\/revisions"}],"predecessor-version":[{"id":5392,"href":"http:\/\/lycee-nisard.fr\/index.php?rest_route=\/wp\/v2\/posts\/5388\/revisions\/5392"}],"wp:featuredmedia":[{"embeddable":true,"href":"http:\/\/lycee-nisard.fr\/index.php?rest_route=\/wp\/v2\/media\/5395"}],"wp:attachment":[{"href":"http:\/\/lycee-nisard.fr\/index.php?rest_route=%2Fwp%2Fv2%2Fmedia&parent=5388"}],"wp:term":[{"taxonomy":"category","embeddable":true,"href":"http:\/\/lycee-nisard.fr\/index.php?rest_route=%2Fwp%2Fv2%2Fcategories&post=5388"},{"taxonomy":"post_tag","embeddable":true,"href":"http:\/\/lycee-nisard.fr\/index.php?rest_route=%2Fwp%2Fv2%2Ftags&post=5388"}],"curies":[{"name":"wp","href":"https:\/\/api.w.org\/{rel}","templated":true}]}}