{"id":5374,"date":"2023-05-05T09:56:17","date_gmt":"2023-05-05T08:56:17","guid":{"rendered":"http:\/\/lycee-nisard.fr\/?p=5374"},"modified":"2025-06-27T12:29:30","modified_gmt":"2025-06-27T11:29:30","slug":"sortie-a-paris-des-1res-ses","status":"publish","type":"post","link":"http:\/\/lycee-nisard.fr\/?p=5374","title":{"rendered":"Sortie \u00e0 Paris des 1res SES"},"content":{"rendered":"\n<p><strong>Dans le cadre de leur sp\u00e9cialit\u00e9 SES, les \u00e9l\u00e8ves de 1res se sont rendus ce jeudi \u00e0 Paris  pour visiter l&rsquo;Assembl\u00e9e Nationale ainsi que la cit\u00e9 de l&rsquo;\u00e9conomie.<\/strong><\/p>\n\n\n\n<p>Malgr\u00e9 un r\u00e9veil bien matinal, tout le monde \u00e9tait pr\u00eat \u00e0 4h30, direction 33 quai d&rsquo;Orsay, l&rsquo;entr\u00e9e du palais Bourbon.<\/p>\n\n\n\n<figure class=\"wp-block-image\"><img loading=\"lazy\" decoding=\"async\" width=\"1024\" height=\"477\" src=\"http:\/\/lycee-nisard.fr\/wp-content\/uploads\/2023\/05\/IMG_38901-1024x477.jpg\" alt=\"\" class=\"wp-image-5379\" srcset=\"http:\/\/lycee-nisard.fr\/wp-content\/uploads\/2023\/05\/IMG_38901-1024x477.jpg 1024w, http:\/\/lycee-nisard.fr\/wp-content\/uploads\/2023\/05\/IMG_38901-300x140.jpg 300w, http:\/\/lycee-nisard.fr\/wp-content\/uploads\/2023\/05\/IMG_38901-768x358.jpg 768w, http:\/\/lycee-nisard.fr\/wp-content\/uploads\/2023\/05\/IMG_38901.jpg 1600w\" sizes=\"(max-width: 1024px) 100vw, 1024px\" \/><figcaption>Photo de groupe prise dans la magnifique salle des f\u00eates<\/figcaption><\/figure>\n\n\n\n<p><strong>La visite de l&rsquo;Assembl\u00e9e Nationale<\/strong><br>Apr\u00e8s une visite guid\u00e9e faisant traverser la salle des f\u00eates, la salle des pas perdus, celle des quatre colonnes et enfin les jardins, direction l&rsquo;h\u00e9micycle !<br>Une s\u00e9ance \u00e9tait en cours et les d\u00e9put\u00e9s d\u00e9battaient sur une r\u00e9solution condamnant le &lsquo;r\u00e9gime d&rsquo;apartheid institu\u00e9 par l&rsquo;Etat d&rsquo;Isra\u00ebl\u00a0\u00bb. Les \u00e9l\u00e8ves ont ainsi assist\u00e9 \u00e0 la fin des d\u00e9bats avec la prise de parole de deux d\u00e9put\u00e9s puis au vote public. La r\u00e9solution a \u00e9t\u00e9 rejet\u00e9e \u00e0 199 voix contre 71.<\/p>\n\n\n\n<div class=\"wp-block-image\"><figure class=\"alignright is-resized\"><img loading=\"lazy\" decoding=\"async\" src=\"http:\/\/lycee-nisard.fr\/wp-content\/uploads\/2023\/05\/20230504_101942-e1683276651481-300x300.jpg\" alt=\"\" class=\"wp-image-5378\" width=\"260\" height=\"260\" srcset=\"http:\/\/lycee-nisard.fr\/wp-content\/uploads\/2023\/05\/20230504_101942-e1683276651481-300x300.jpg 300w, http:\/\/lycee-nisard.fr\/wp-content\/uploads\/2023\/05\/20230504_101942-e1683276651481-150x150.jpg 150w, http:\/\/lycee-nisard.fr\/wp-content\/uploads\/2023\/05\/20230504_101942-e1683276651481-768x765.jpg 768w, http:\/\/lycee-nisard.fr\/wp-content\/uploads\/2023\/05\/20230504_101942-e1683276651481-1024x1019.jpg 1024w\" sizes=\"(max-width: 260px) 100vw, 260px\" \/><figcaption>La statue de Montesquieu<\/figcaption><\/figure><\/div>\n\n\n\n<figure class=\"wp-block-image is-resized\"><img loading=\"lazy\" decoding=\"async\" src=\"http:\/\/lycee-nisard.fr\/wp-content\/uploads\/2023\/05\/20230504_101958-1024x576.jpg\" alt=\"\" class=\"wp-image-5376\" width=\"256\" height=\"144\" srcset=\"http:\/\/lycee-nisard.fr\/wp-content\/uploads\/2023\/05\/20230504_101958-1024x576.jpg 1024w, http:\/\/lycee-nisard.fr\/wp-content\/uploads\/2023\/05\/20230504_101958-300x169.jpg 300w, http:\/\/lycee-nisard.fr\/wp-content\/uploads\/2023\/05\/20230504_101958-768x432.jpg 768w\" sizes=\"(max-width: 256px) 100vw, 256px\" \/><figcaption>Le buste de Simone Veil<\/figcaption><\/figure>\n\n\n\n<h2 class=\"wp-block-heading\"><\/h2>\n\n\n\n<p><em><strong>Ce qu&rsquo;en ont pens\u00e9 les \u00e9l\u00e8ves :<\/strong><\/em><\/p>\n\n\n\n<blockquote style=\"text-align:center\" class=\"wp-block-quote is-layout-flow wp-block-quote-is-layout-flow\"><p>\u00ab\u00a0C&rsquo;\u00e9tait tr\u00e8s bien\u00a0\u00bb<\/p><p>\u00ab\u00a0C&rsquo;\u00e9tait impressionnant de voire les d\u00e9put\u00e9s en vrai&#8230; et ils \u00e9taient nombreux\u00a0\u00bb<\/p><p>\u00ab\u00a0Je ne pensais pas qu&rsquo;il y aurait autant de d\u00e9put\u00e9s pr\u00e9sents\u00a0\u00bb<\/p><p>\u00ab\u00a0Incroyable !\u00a0\u00bb<\/p><p>\u00ab\u00a0Je ne m&rsquo;attendais pas \u00e0 ce que ce soit aussi bien !\u00a0\u00bb<\/p><\/blockquote>\n\n\n\n<figure class=\"wp-block-image\"><img loading=\"lazy\" decoding=\"async\" width=\"1024\" height=\"768\" src=\"http:\/\/lycee-nisard.fr\/wp-content\/uploads\/2023\/05\/IMG_38931-1024x768.jpg\" alt=\"\" class=\"wp-image-5380\" srcset=\"http:\/\/lycee-nisard.fr\/wp-content\/uploads\/2023\/05\/IMG_38931.jpg 1024w, http:\/\/lycee-nisard.fr\/wp-content\/uploads\/2023\/05\/IMG_38931-300x225.jpg 300w, http:\/\/lycee-nisard.fr\/wp-content\/uploads\/2023\/05\/IMG_38931-768x576.jpg 768w\" sizes=\"(max-width: 1024px) 100vw, 1024px\" \/><\/figure>\n\n\n\n<p><strong>La visite de la cit\u00e9 de l&rsquo;\u00e9conomie<\/strong><\/p>\n\n\n\n<p>Dans l&rsquo;apr\u00e8s-midi, les \u00e9l\u00e8ves ont investi la cit\u00e9 de l&rsquo;\u00e9conomie qui est \u00e0 l&rsquo;\u00e9conomie ce que la cit\u00e9 des sciences est \u00e0 la science, c&rsquo;est-\u00e0-dire un endroit interactif o\u00f9 sont propos\u00e9es de nombreuses activit\u00e9s d\u00e9crivant les m\u00e9canismes de l&rsquo;\u00e9conomie.<\/p>\n\n\n\n<div class=\"wp-block-image\"><figure class=\"alignright\"><img loading=\"lazy\" decoding=\"async\" width=\"204\" height=\"300\" src=\"http:\/\/lycee-nisard.fr\/wp-content\/uploads\/2023\/05\/20230504_153438-1-e1683276419720-204x300.jpg\" alt=\"\" class=\"wp-image-5384\" srcset=\"http:\/\/lycee-nisard.fr\/wp-content\/uploads\/2023\/05\/20230504_153438-1-e1683276419720-204x300.jpg 204w, http:\/\/lycee-nisard.fr\/wp-content\/uploads\/2023\/05\/20230504_153438-1-e1683276419720-768x1129.jpg 768w, http:\/\/lycee-nisard.fr\/wp-content\/uploads\/2023\/05\/20230504_153438-1-e1683276419720-697x1024.jpg 697w, http:\/\/lycee-nisard.fr\/wp-content\/uploads\/2023\/05\/20230504_153438-1-e1683276419720.jpg 1632w\" sizes=\"(max-width: 204px) 100vw, 204px\" \/><\/figure><\/div>\n\n\n\n<figure class=\"wp-block-image\"><img loading=\"lazy\" decoding=\"async\" width=\"217\" height=\"300\" src=\"http:\/\/lycee-nisard.fr\/wp-content\/uploads\/2023\/05\/20230504_151323-e1683276321357-217x300.jpg\" alt=\"\" class=\"wp-image-5381\" srcset=\"http:\/\/lycee-nisard.fr\/wp-content\/uploads\/2023\/05\/20230504_151323-e1683276321357-217x300.jpg 217w, http:\/\/lycee-nisard.fr\/wp-content\/uploads\/2023\/05\/20230504_151323-e1683276321357-768x1063.jpg 768w, http:\/\/lycee-nisard.fr\/wp-content\/uploads\/2023\/05\/20230504_151323-e1683276321357-740x1024.jpg 740w, http:\/\/lycee-nisard.fr\/wp-content\/uploads\/2023\/05\/20230504_151323-e1683276321357.jpg 2030w\" sizes=\"(max-width: 217px) 100vw, 217px\" \/><\/figure>\n\n\n\n<p>Chacun est reparti avec son profil concernant son positionnement sur les questions relevant du d\u00e9veloppement durable, et divers billets, photobiftons ou autres souvenirs.<\/p>\n\n\n\n<p>Cette journ\u00e9e bien remplie s&rsquo;est achev\u00e9e&#8230; Berc\u00e9s par le ronron du bus, les \u00e9l\u00e8ves ont gout\u00e9 \u00e0 un repos bien m\u00e9rit\u00e9, r\u00eavant tr\u00e8s certainement de d\u00e9bats politiques et de billets dor\u00e9s&#8230; \u00e0 moins qu&rsquo;ils n&rsquo;aient d\u00e9j\u00e0 r\u00e9fl\u00e9chi au travail \u00e0 rendre \u00e0 M. Boissieu !<\/p>\n","protected":false},"excerpt":{"rendered":"<p>Dans le cadre de leur sp\u00e9cialit\u00e9 SES, les \u00e9l\u00e8ves de 1res se sont rendus ce jeudi \u00e0 Paris pour visiter l&rsquo;Assembl\u00e9e Nationale ainsi que la cit\u00e9 de l&rsquo;\u00e9conomie. Malgr\u00e9 un r\u00e9veil bien matinal, tout le monde \u00e9tait pr\u00eat \u00e0 4h30, direction 33 quai d&rsquo;Orsay, l&rsquo;entr\u00e9e du palais Bourbon. La visite de l&rsquo;Assembl\u00e9e NationaleApr\u00e8s une visite &hellip; <a href=\"http:\/\/lycee-nisard.fr\/?p=5374\" class=\"more-link\">Continuer la lecture de <span class=\"screen-reader-text\">Sortie \u00e0 Paris des 1res SES<\/span>  <span class=\"meta-nav\">&rarr;<\/span><\/a><\/p>\n","protected":false},"author":1,"featured_media":5375,"comment_status":"open","ping_status":"open","sticky":false,"template":"","format":"standard","meta":{"saved_in_kubio":false,"footnotes":""},"categories":[34],"tags":[],"class_list":["post-5374","post","type-post","status-publish","format-standard","has-post-thumbnail","hentry","category-annees-2020-2023"],"_links":{"self":[{"href":"http:\/\/lycee-nisard.fr\/index.php?rest_route=\/wp\/v2\/posts\/5374","targetHints":{"allow":["GET"]}}],"collection":[{"href":"http:\/\/lycee-nisard.fr\/index.php?rest_route=\/wp\/v2\/posts"}],"about":[{"href":"http:\/\/lycee-nisard.fr\/index.php?rest_route=\/wp\/v2\/types\/post"}],"author":[{"embeddable":true,"href":"http:\/\/lycee-nisard.fr\/index.php?rest_route=\/wp\/v2\/users\/1"}],"replies":[{"embeddable":true,"href":"http:\/\/lycee-nisard.fr\/index.php?rest_route=%2Fwp%2Fv2%2Fcomments&post=5374"}],"version-history":[{"count":4,"href":"http:\/\/lycee-nisard.fr\/index.php?rest_route=\/wp\/v2\/posts\/5374\/revisions"}],"predecessor-version":[{"id":5387,"href":"http:\/\/lycee-nisard.fr\/index.php?rest_route=\/wp\/v2\/posts\/5374\/revisions\/5387"}],"wp:featuredmedia":[{"embeddable":true,"href":"http:\/\/lycee-nisard.fr\/index.php?rest_route=\/wp\/v2\/media\/5375"}],"wp:attachment":[{"href":"http:\/\/lycee-nisard.fr\/index.php?rest_route=%2Fwp%2Fv2%2Fmedia&parent=5374"}],"wp:term":[{"taxonomy":"category","embeddable":true,"href":"http:\/\/lycee-nisard.fr\/index.php?rest_route=%2Fwp%2Fv2%2Fcategories&post=5374"},{"taxonomy":"post_tag","embeddable":true,"href":"http:\/\/lycee-nisard.fr\/index.php?rest_route=%2Fwp%2Fv2%2Ftags&post=5374"}],"curies":[{"name":"wp","href":"https:\/\/api.w.org\/{rel}","templated":true}]}}