{"id":5298,"date":"2023-04-02T10:42:41","date_gmt":"2023-04-02T09:42:41","guid":{"rendered":"http:\/\/lycee-nisard.fr\/?p=5298"},"modified":"2025-06-27T12:29:30","modified_gmt":"2025-06-27T11:29:30","slug":"visite-a-lusine-liebherr","status":"publish","type":"post","link":"http:\/\/lycee-nisard.fr\/?p=5298","title":{"rendered":"Compte-rendu de la visite chez Liebherr"},"content":{"rendered":"\n<p><strong>Suite \u00e0 la visite le jeudi 23 mars de l&rsquo;usine Liebherr par les \u00e9l\u00e8ves de CAP conducteur d&rsquo;engins, un \u00e9l\u00e8ve raconte le programme de la journ\u00e9e en d\u00e9tail.<\/strong><\/p>\n\n\n\n<h4 class=\"wp-block-heading\"><em><strong>D\u00e9roulement de la journ\u00e9e :<\/strong><\/em><\/h4>\n\n\n\n<p>Le groupe \u00e9tait constitu\u00e9 de 14 \u00e9l\u00e8ves et 3 professeurs.<br>\nNous avons pris le bus aux alentours de 4 heures du matin\npour nous rendre \u00e0 Colmar.<br>\nLe bus a fait 2 pauses.<br>\nUne fois arriv\u00e9s \u00e0 Colmar chez Liebherr nous avons rencontr\u00e9\nles 2 commerciaux et notre guide.<\/p>\n\n\n\n<figure class=\"wp-block-image\"><img loading=\"lazy\" decoding=\"async\" width=\"1024\" height=\"566\" src=\"http:\/\/lycee-nisard.fr\/wp-content\/uploads\/2023\/04\/Img_VueAerienne-1024x566.png\" alt=\"\" class=\"wp-image-5327\" srcset=\"http:\/\/lycee-nisard.fr\/wp-content\/uploads\/2023\/04\/Img_VueAerienne-1024x566.png 1024w, http:\/\/lycee-nisard.fr\/wp-content\/uploads\/2023\/04\/Img_VueAerienne-300x166.png 300w, http:\/\/lycee-nisard.fr\/wp-content\/uploads\/2023\/04\/Img_VueAerienne-768x424.png 768w, http:\/\/lycee-nisard.fr\/wp-content\/uploads\/2023\/04\/Img_VueAerienne-672x372.png 672w, http:\/\/lycee-nisard.fr\/wp-content\/uploads\/2023\/04\/Img_VueAerienne.png 1032w\" sizes=\"(max-width: 1024px) 100vw, 1024px\" \/><figcaption>Vue a\u00e9rienne de l&rsquo;usine<\/figcaption><\/figure>\n\n\n\n<p>Nous nous sommes \u00e9quip\u00e9s avec nos EPI (lunette\/gilet\njaune\/chaussure de s\u00e9curit\u00e9).<br>\nEnsuite nous avons commenc\u00e9 la visite, observant les\npremi\u00e8res pelles fabriqu\u00e9es par Liebherr.<br>\nNous avons poursuivi la visite en \u00e9num\u00e9rant l&rsquo;histoire de\nLiebherr.<\/p>\n\n\n\n<p>Le guide nous a accompagn\u00e9s dans le b\u00e2timent o\u00f9 toute la\nsoudure, la peinture et l&rsquo;usinage \u00e9taient r\u00e9alis\u00e9s.<br>\nDans ce b\u00e2timent nous avons pu voir la d\u00e9coupe (ac\u00e9tyl\u00e8ne et\nplasma par immersion) des t\u00f4les acier qui formeront les \u00e9l\u00e9ments des pelles\nhydrauliques.<br>\nEnsuite nous avons vu toute la soudure manuelle et avec les\nrobots soudeurs pour le ch\u00e2ssis de pelle, il nous a \u00e9t\u00e9 dit qu&rsquo;un ch\u00e2ssis\nprenait environ 6000 heures \u00e0 \u00eatre ex\u00e9cut\u00e9.<\/p>\n\n\n\n<figure class=\"wp-block-image\"><img loading=\"lazy\" decoding=\"async\" width=\"1024\" height=\"477\" src=\"http:\/\/lycee-nisard.fr\/wp-content\/uploads\/2023\/04\/Img_Pelleteuse-1024x477.png\" alt=\"\" class=\"wp-image-5328\" srcset=\"http:\/\/lycee-nisard.fr\/wp-content\/uploads\/2023\/04\/Img_Pelleteuse-1024x477.png 1024w, http:\/\/lycee-nisard.fr\/wp-content\/uploads\/2023\/04\/Img_Pelleteuse-300x140.png 300w, http:\/\/lycee-nisard.fr\/wp-content\/uploads\/2023\/04\/Img_Pelleteuse-768x358.png 768w, http:\/\/lycee-nisard.fr\/wp-content\/uploads\/2023\/04\/Img_Pelleteuse.png 1266w\" sizes=\"(max-width: 1024px) 100vw, 1024px\" \/><\/figure>\n\n\n\n<p>Apr\u00e8s la partie soudure nous avons observ\u00e9 le processus de\npeinture et les pi\u00e8ces finies et sorties de la cha\u00eene de production.<br>\nLe guide nous a amen\u00e9s dans le magasin de l\u2019usine o\u00f9 sont\nstock\u00e9es plusieurs pi\u00e8ces pour les engins.<\/p>\n\n\n\n<p>Nous avons chang\u00e9 de b\u00e2timent pour observer la cha\u00eene de\nmontage des machines.<br>\nLe guide nous a expliqu\u00e9 tout l&rsquo;assemblage de A \u00e0 Z des\npelles, cette partie de l\u2019usine comporte 2 cha\u00eenes d\u2019assemblage pour les engins.<\/p>\n\n\n\n<p>Nous sommes sortis de ce b\u00e2timent pour aller voir des\nmachines assembl\u00e9es sur le parc \u00e0 mat\u00e9riel, nous avons pu prendre des photos\ndes engins.<\/p>\n\n\n\n<p>Ensuite nous avons chang\u00e9 de b\u00e2timent pour voir tout le\nprocessus de test d\u2019engins sortie de la cha\u00eene de production. Nous avons vu\nplusieurs engins de toutes les tailles mais un engin m&rsquo;a marqu\u00e9, c&rsquo;\u00e9tait la\npelle avec un \u00e9quipement de d\u00e9molition, c&rsquo;\u00e9tait une 960.<\/p>\n\n\n\n<p>Apr\u00e8s la visite de ce b\u00e2timent nous avons mang\u00e9 dans le restaurant de l\u2019entreprise. <br>Une fois le repas termin\u00e9 nous nous sommes dirig\u00e9s dans le b\u00e2timent d\u00e9di\u00e9 aux apprentis de chez Liebherr.<br> Nous avons vu toutes les machines qu\u2019utilisent les apprentis mais aussi les engins qui sont utilis\u00e9s pour l\u2019apprentissage.<br> Dans ce m\u00eame b\u00e2timent, il y a une partie pour voir le fonctionnement de quelques pi\u00e8ces d\u00e9tach\u00e9es.<br> Nous avons aussi vu l\u2019endroit o\u00f9 sont r\u00e9gl\u00e9s et retouch\u00e9s les engins avant livraison aux clients.<\/p>\n\n\n\n<p>Apr\u00e8s toutes ces visites nous sommes retourn\u00e9s dans le hall d&rsquo;entr\u00e9e pour redonner nos \u00e9quipements et aussi observer toutes les maquettes des engins Liebherr.<\/p>\n\n\n\n<p>Nous avons remerci\u00e9 les commerciaux qui nous ont accompagn\u00e9s\nmais aussi le guide, nous avons repris le bus puis nous sommes rentr\u00e9s au lyc\u00e9e.<\/p>\n\n\n\n<p style=\"text-align:right\"><em>Antonin\nGENDROT, \u00e9l\u00e8ve de 1re ann\u00e9e CAP ENG<\/em><\/p>\n\n\n\n<figure class=\"wp-block-image\"><img loading=\"lazy\" decoding=\"async\" width=\"1024\" height=\"601\" src=\"http:\/\/lycee-nisard.fr\/wp-content\/uploads\/2023\/03\/Groupe-1024x601.jpg\" alt=\"\" class=\"wp-image-5303\" srcset=\"http:\/\/lycee-nisard.fr\/wp-content\/uploads\/2023\/03\/Groupe-1024x601.jpg 1024w, http:\/\/lycee-nisard.fr\/wp-content\/uploads\/2023\/03\/Groupe-300x176.jpg 300w, http:\/\/lycee-nisard.fr\/wp-content\/uploads\/2023\/03\/Groupe-768x451.jpg 768w\" sizes=\"(max-width: 1024px) 100vw, 1024px\" \/><\/figure>\n\n\n\n<h4 class=\"wp-block-heading\">L&rsquo;article pr\u00e9c\u00e9demment publi\u00e9 sur la visite du site Liebherr \u00e0 Colmar :<\/h4>\n\n\n\n<figure class=\"wp-block-image\"><img loading=\"lazy\" decoding=\"async\" width=\"1024\" height=\"567\" src=\"http:\/\/lycee-nisard.fr\/wp-content\/uploads\/2023\/03\/GroupePelleteuse-1024x567.jpg\" alt=\"\" class=\"wp-image-5300\" srcset=\"http:\/\/lycee-nisard.fr\/wp-content\/uploads\/2023\/03\/GroupePelleteuse-1024x567.jpg 1024w, http:\/\/lycee-nisard.fr\/wp-content\/uploads\/2023\/03\/GroupePelleteuse-300x166.jpg 300w, http:\/\/lycee-nisard.fr\/wp-content\/uploads\/2023\/03\/GroupePelleteuse-768x425.jpg 768w, http:\/\/lycee-nisard.fr\/wp-content\/uploads\/2023\/03\/GroupePelleteuse-672x372.jpg 672w, http:\/\/lycee-nisard.fr\/wp-content\/uploads\/2023\/03\/GroupePelleteuse-1038x576.jpg 1038w\" sizes=\"(max-width: 1024px) 100vw, 1024px\" \/><\/figure>\n\n\n\n<p>Accompagn\u00e9s de leurs professeurs d&rsquo;enseignements professionnels, les \u00e9l\u00e8ves ont d\u00e9couvert le monde industriel en lien avec leur sp\u00e9cialit\u00e9. <\/p>\n\n\n\n<figure class=\"wp-block-image\"><img loading=\"lazy\" decoding=\"async\" width=\"1024\" height=\"469\" src=\"http:\/\/lycee-nisard.fr\/wp-content\/uploads\/2023\/03\/Pelleteuses-1024x469.jpg\" alt=\"\" class=\"wp-image-5302\" srcset=\"http:\/\/lycee-nisard.fr\/wp-content\/uploads\/2023\/03\/Pelleteuses-1024x469.jpg 1024w, http:\/\/lycee-nisard.fr\/wp-content\/uploads\/2023\/03\/Pelleteuses-300x137.jpg 300w, http:\/\/lycee-nisard.fr\/wp-content\/uploads\/2023\/03\/Pelleteuses-768x352.jpg 768w\" sizes=\"(max-width: 1024px) 100vw, 1024px\" \/><\/figure>\n\n\n\n<p>Ils ont ainsi pu \u00eatre au c\u0153ur de l&rsquo;usine et observer la fabrication des pelles sur chenilles de 15 \u00e0 90 Tonnes, de la simple plaque de t\u00f4le \u00e0 la machine pr\u00eate pour le client.<\/p>\n\n\n\n<figure class=\"wp-block-image\"><img loading=\"lazy\" decoding=\"async\" width=\"1024\" height=\"494\" src=\"http:\/\/lycee-nisard.fr\/wp-content\/uploads\/2023\/03\/Camion-1024x494.jpg\" alt=\"\" class=\"wp-image-5299\" srcset=\"http:\/\/lycee-nisard.fr\/wp-content\/uploads\/2023\/03\/Camion-1024x494.jpg 1024w, http:\/\/lycee-nisard.fr\/wp-content\/uploads\/2023\/03\/Camion-300x145.jpg 300w, http:\/\/lycee-nisard.fr\/wp-content\/uploads\/2023\/03\/Camion-768x371.jpg 768w, http:\/\/lycee-nisard.fr\/wp-content\/uploads\/2023\/03\/Camion.jpg 1388w\" sizes=\"(max-width: 1024px) 100vw, 1024px\" \/><\/figure>\n\n\n\n<figure class=\"wp-block-image\"><img loading=\"lazy\" decoding=\"async\" width=\"707\" height=\"1024\" src=\"http:\/\/lycee-nisard.fr\/wp-content\/uploads\/2023\/03\/Pelleteuse-707x1024.jpg\" alt=\"\" class=\"wp-image-5301\" srcset=\"http:\/\/lycee-nisard.fr\/wp-content\/uploads\/2023\/03\/Pelleteuse-707x1024.jpg 707w, http:\/\/lycee-nisard.fr\/wp-content\/uploads\/2023\/03\/Pelleteuse-207x300.jpg 207w, http:\/\/lycee-nisard.fr\/wp-content\/uploads\/2023\/03\/Pelleteuse-768x1113.jpg 768w, http:\/\/lycee-nisard.fr\/wp-content\/uploads\/2023\/03\/Pelleteuse.jpg 1377w\" sizes=\"(max-width: 707px) 100vw, 707px\" \/><\/figure>\n","protected":false},"excerpt":{"rendered":"<p>Suite \u00e0 la visite le jeudi 23 mars de l&rsquo;usine Liebherr par les \u00e9l\u00e8ves de CAP conducteur d&rsquo;engins, un \u00e9l\u00e8ve raconte le programme de la journ\u00e9e en d\u00e9tail. D\u00e9roulement de la journ\u00e9e : Le groupe \u00e9tait constitu\u00e9 de 14 \u00e9l\u00e8ves et 3 professeurs. Nous avons pris le bus aux alentours de 4 heures du matin &hellip; <a href=\"http:\/\/lycee-nisard.fr\/?p=5298\" class=\"more-link\">Continuer la lecture de <span class=\"screen-reader-text\">Compte-rendu de la visite chez Liebherr<\/span>  <span class=\"meta-nav\">&rarr;<\/span><\/a><\/p>\n","protected":false},"author":1,"featured_media":5335,"comment_status":"open","ping_status":"open","sticky":false,"template":"","format":"standard","meta":{"saved_in_kubio":false,"footnotes":""},"categories":[34],"tags":[],"class_list":["post-5298","post","type-post","status-publish","format-standard","has-post-thumbnail","hentry","category-annees-2020-2023"],"_links":{"self":[{"href":"http:\/\/lycee-nisard.fr\/index.php?rest_route=\/wp\/v2\/posts\/5298","targetHints":{"allow":["GET"]}}],"collection":[{"href":"http:\/\/lycee-nisard.fr\/index.php?rest_route=\/wp\/v2\/posts"}],"about":[{"href":"http:\/\/lycee-nisard.fr\/index.php?rest_route=\/wp\/v2\/types\/post"}],"author":[{"embeddable":true,"href":"http:\/\/lycee-nisard.fr\/index.php?rest_route=\/wp\/v2\/users\/1"}],"replies":[{"embeddable":true,"href":"http:\/\/lycee-nisard.fr\/index.php?rest_route=%2Fwp%2Fv2%2Fcomments&post=5298"}],"version-history":[{"count":3,"href":"http:\/\/lycee-nisard.fr\/index.php?rest_route=\/wp\/v2\/posts\/5298\/revisions"}],"predecessor-version":[{"id":5336,"href":"http:\/\/lycee-nisard.fr\/index.php?rest_route=\/wp\/v2\/posts\/5298\/revisions\/5336"}],"wp:featuredmedia":[{"embeddable":true,"href":"http:\/\/lycee-nisard.fr\/index.php?rest_route=\/wp\/v2\/media\/5335"}],"wp:attachment":[{"href":"http:\/\/lycee-nisard.fr\/index.php?rest_route=%2Fwp%2Fv2%2Fmedia&parent=5298"}],"wp:term":[{"taxonomy":"category","embeddable":true,"href":"http:\/\/lycee-nisard.fr\/index.php?rest_route=%2Fwp%2Fv2%2Fcategories&post=5298"},{"taxonomy":"post_tag","embeddable":true,"href":"http:\/\/lycee-nisard.fr\/index.php?rest_route=%2Fwp%2Fv2%2Ftags&post=5298"}],"curies":[{"name":"wp","href":"https:\/\/api.w.org\/{rel}","templated":true}]}}