{"id":3649,"date":"2020-09-01T15:37:47","date_gmt":"2020-09-01T14:37:47","guid":{"rendered":"http:\/\/lycee-nisard.fr\/?p=3649"},"modified":"2025-06-27T12:26:21","modified_gmt":"2025-06-27T11:26:21","slug":"reunions-dinformations","status":"publish","type":"post","link":"http:\/\/lycee-nisard.fr\/?p=3649","title":{"rendered":"R\u00e9unions d&rsquo;informations"},"content":{"rendered":"\n<p>Des r\u00e9unions d\u2019informations \u00e0 destination des parents seront organis\u00e9es en d\u00e9but d\u2019ann\u00e9e. Elles d\u2019adressent aux nouveaux entrants dans l\u2019\u00e9tablissement.<br>Les \u00e9quipes p\u00e9dagogiques pr\u00e9senteront les programmes et attendus pour cette ann\u00e9e scolaire et r\u00e9pondront aux questions des parents et \u00e9l\u00e8ves.<\/p>\n\n\n\n<p>A l\u2019occasion de ces r\u00e9unions, les codes Eclats-Parents seront remis aux personnes pr\u00e9sentes.<\/p>\n\n\n\n<p>Les r\u00e9unions se tiendront en salle E11, \u00e0 partir de 17h30 selon le calendrier suivant :<\/p>\n\n\n\n<table class=\"wp-block-table\"><tbody><tr><td>DATES<\/td><td>CLASSES CONCERNEES<\/td><\/tr><tr><td>Vendredi 04 septembre<\/td><td>3PM, 1 CAP CDE, 1 CAP AEPE, 2 BAC PRO<\/td><\/tr><tr><td>Lundi 07 septembre<\/td><td>2nde A, 2nde B<\/td><\/tr><tr><td>Mardi 08 septembre<\/td><td>2nde C, 2nde D<\/td><\/tr><\/tbody><\/table>\n\n\n\n<p>Le proviseur<br>Michel ARRAZAT<\/p>\n","protected":false},"excerpt":{"rendered":"<p>Des r\u00e9unions d\u2019informations \u00e0 destination des parents seront organis\u00e9es en d\u00e9but d\u2019ann\u00e9e. Elles d\u2019adressent aux nouveaux entrants dans l\u2019\u00e9tablissement.Les \u00e9quipes p\u00e9dagogiques pr\u00e9senteront les programmes et attendus pour cette ann\u00e9e scolaire et r\u00e9pondront aux questions des parents et \u00e9l\u00e8ves. A l\u2019occasion de ces r\u00e9unions, les codes Eclats-Parents seront remis aux personnes pr\u00e9sentes. Les r\u00e9unions se tiendront &hellip; <a href=\"http:\/\/lycee-nisard.fr\/?p=3649\" class=\"more-link\">Continuer la lecture de <span class=\"screen-reader-text\">R\u00e9unions d&rsquo;informations<\/span>  <span class=\"meta-nav\">&rarr;<\/span><\/a><\/p>\n","protected":false},"author":1,"featured_media":3650,"comment_status":"open","ping_status":"open","sticky":false,"template":"","format":"standard","meta":{"saved_in_kubio":false,"footnotes":""},"categories":[34],"tags":[],"class_list":["post-3649","post","type-post","status-publish","format-standard","has-post-thumbnail","hentry","category-annees-2020-2023"],"_links":{"self":[{"href":"http:\/\/lycee-nisard.fr\/index.php?rest_route=\/wp\/v2\/posts\/3649","targetHints":{"allow":["GET"]}}],"collection":[{"href":"http:\/\/lycee-nisard.fr\/index.php?rest_route=\/wp\/v2\/posts"}],"about":[{"href":"http:\/\/lycee-nisard.fr\/index.php?rest_route=\/wp\/v2\/types\/post"}],"author":[{"embeddable":true,"href":"http:\/\/lycee-nisard.fr\/index.php?rest_route=\/wp\/v2\/users\/1"}],"replies":[{"embeddable":true,"href":"http:\/\/lycee-nisard.fr\/index.php?rest_route=%2Fwp%2Fv2%2Fcomments&post=3649"}],"version-history":[{"count":1,"href":"http:\/\/lycee-nisard.fr\/index.php?rest_route=\/wp\/v2\/posts\/3649\/revisions"}],"predecessor-version":[{"id":3651,"href":"http:\/\/lycee-nisard.fr\/index.php?rest_route=\/wp\/v2\/posts\/3649\/revisions\/3651"}],"wp:featuredmedia":[{"embeddable":true,"href":"http:\/\/lycee-nisard.fr\/index.php?rest_route=\/wp\/v2\/media\/3650"}],"wp:attachment":[{"href":"http:\/\/lycee-nisard.fr\/index.php?rest_route=%2Fwp%2Fv2%2Fmedia&parent=3649"}],"wp:term":[{"taxonomy":"category","embeddable":true,"href":"http:\/\/lycee-nisard.fr\/index.php?rest_route=%2Fwp%2Fv2%2Fcategories&post=3649"},{"taxonomy":"post_tag","embeddable":true,"href":"http:\/\/lycee-nisard.fr\/index.php?rest_route=%2Fwp%2Fv2%2Ftags&post=3649"}],"curies":[{"name":"wp","href":"https:\/\/api.w.org\/{rel}","templated":true}]}}